{"id":26507,"date":"2024-09-12T14:56:01","date_gmt":"2024-09-12T17:56:01","guid":{"rendered":"https:\/\/www.esportesbrasilia.com.br\/noticias\/?p=26507"},"modified":"2024-09-12T15:09:33","modified_gmt":"2024-09-12T18:09:33","slug":"apos-eliminacao-na-serie-d-brasiliense-renova-com-winck-e-foca-no-candangao-2025","status":"publish","type":"post","link":"https:\/\/www.esportesbrasilia.com.br\/noticias\/futebol\/apos-eliminacao-na-serie-d-brasiliense-renova-com-winck-e-foca-no-candangao-2025.html","title":{"rendered":"Ap\u00f3s elimina\u00e7\u00e3o na S\u00e9rie D, Brasiliense renova com Winck e foca no Candang\u00e3o 2025"},"content":{"rendered":"\n<p><em>Lu\u00e3 Tomasson\/Brasiliense FC<\/em><br><br>O Brasiliense anunciou a renova\u00e7\u00e3o do contrato do treinador Luiz Carlos Winck at\u00e9 2025. O t\u00e9cnico assumiu o comando do Jacar\u00e9 na quarta rodada da S\u00e9rie D.<\/p>\n\n\n\n<p>Al\u00e9m de Winck, o auxiliar Caio Lucas e o preparador f\u00edsico Jos\u00e9 Lemmertz tamb\u00e9m seguir\u00e3o na equipe para 2025. No pr\u00f3ximo ano, o Brasiliense ter\u00e1 apenas o Campeonato Candango em seu calend\u00e1rio.<\/p>\n\n\n\n<p>Antes de chegar ao Brasiliense, Winck treinava o An\u00e1polis, clube que conquistou o acesso \u00e0 S\u00e9rie C. Ele substituiu Paulo Ricardo, que deixou o cargo ap\u00f3s uma discuss\u00e3o no vesti\u00e1rio com o presidente Luiz Estev\u00e3o, ocorrida durante a vit\u00f3ria sobre o Real Bras\u00edlia.<\/p>\n\n\n\n<p><strong>Calend\u00e1rio<\/strong><\/p>\n\n\n\n<p>Com a derrota para o Retr\u00f4\/PE nas quartas de final da S\u00e9rie D nos p\u00eanaltis, no in\u00edcio do m\u00eas, o Brasiliense ficar\u00e1 sem calend\u00e1rio nacional em 2025. A final do Campeonato Candango deste ano foi disputada entre Ceil\u00e2ndia e Capital, que ser\u00e3o os representantes do Distrito Federal na S\u00e9rie D, na Copa Verde e na Copa do Brasil no pr\u00f3ximo ano.<\/p>\n\n\n\n<p><\/p>\n","protected":false},"excerpt":{"rendered":"<p>Brasiliense projeta temporada de 2025 com apenas o Candang\u00e3o no calend\u00e1rio<\/p>\n","protected":false},"author":55,"featured_media":26509,"comment_status":"closed","ping_status":"closed","sticky":false,"template":"","format":"standard","meta":{"footnotes":""},"categories":[8],"tags":[34],"class_list":["post-26507","post","type-post","status-publish","format-standard","has-post-thumbnail","hentry","category-futebol","tag-brasiliense"],"_links":{"self":[{"href":"https:\/\/www.esportesbrasilia.com.br\/noticias\/wp-json\/wp\/v2\/posts\/26507","targetHints":{"allow":["GET"]}}],"collection":[{"href":"https:\/\/www.esportesbrasilia.com.br\/noticias\/wp-json\/wp\/v2\/posts"}],"about":[{"href":"https:\/\/www.esportesbrasilia.com.br\/noticias\/wp-json\/wp\/v2\/types\/post"}],"author":[{"embeddable":true,"href":"https:\/\/www.esportesbrasilia.com.br\/noticias\/wp-json\/wp\/v2\/users\/55"}],"replies":[{"embeddable":true,"href":"https:\/\/www.esportesbrasilia.com.br\/noticias\/wp-json\/wp\/v2\/comments?post=26507"}],"version-history":[{"count":5,"href":"https:\/\/www.esportesbrasilia.com.br\/noticias\/wp-json\/wp\/v2\/posts\/26507\/revisions"}],"predecessor-version":[{"id":26513,"href":"https:\/\/www.esportesbrasilia.com.br\/noticias\/wp-json\/wp\/v2\/posts\/26507\/revisions\/26513"}],"wp:featuredmedia":[{"embeddable":true,"href":"https:\/\/www.esportesbrasilia.com.br\/noticias\/wp-json\/wp\/v2\/media\/26509"}],"wp:attachment":[{"href":"https:\/\/www.esportesbrasilia.com.br\/noticias\/wp-json\/wp\/v2\/media?parent=26507"}],"wp:term":[{"taxonomy":"category","embeddable":true,"href":"https:\/\/www.esportesbrasilia.com.br\/noticias\/wp-json\/wp\/v2\/categories?post=26507"},{"taxonomy":"post_tag","embeddable":true,"href":"https:\/\/www.esportesbrasilia.com.br\/noticias\/wp-json\/wp\/v2\/tags?post=26507"}],"curies":[{"name":"wp","href":"https:\/\/api.w.org\/{rel}","templated":true}]}}