{"id":26492,"date":"2024-09-11T09:45:00","date_gmt":"2024-09-11T12:45:00","guid":{"rendered":"https:\/\/www.esportesbrasilia.com.br\/noticias\/?p=26492"},"modified":"2024-09-10T22:56:42","modified_gmt":"2024-09-11T01:56:42","slug":"brasilia-volei-conhece-adversarios-do-campeonato-mineiro-de-volei-feminino","status":"publish","type":"post","link":"https:\/\/www.esportesbrasilia.com.br\/noticias\/volei\/brasilia-volei-conhece-adversarios-do-campeonato-mineiro-de-volei-feminino.html","title":{"rendered":"Bras\u00edlia V\u00f4lei conhece advers\u00e1rios do Campeonato Mineiro de V\u00f4lei Feminino"},"content":{"rendered":"\n<p>O Bras\u00edlia V\u00f4lei disputar\u00e1, mais uma vez, o Campeonato Mineiro de V\u00f4lei. A equipe, que ser\u00e1 treinada por Spencer Lee, participar\u00e1 do certame a partir do dia 20 de setembro.<\/p>\n\n\n\n<p>Os jogos da primeira fase acontecer\u00e3o no Gin\u00e1sio do SESI Taguatinga. J\u00e1 as semifinais e finais ser\u00e3o disputadas na Arena Praia Clube, em Uberl\u00e2ndia\/MG.<\/p>\n\n\n\n<p>Participar\u00e3o desta edi\u00e7\u00e3o, al\u00e9m do Bras\u00edlia V\u00f4lei, o Minas T\u00eanis Clube, o Praia Clube Uberl\u00e2ndia e o Mackenzie V\u00f4lei. Na primeira fase, ser\u00e3o jogos de ida, todos contra todos. Depois, na segunda fase, uma semifinal com cruzamento ol\u00edmpico. Os vencedores disputam a grande final.<\/p>\n\n\n\n<p>Confira a tabela:<\/p>\n\n\n\n<p><strong>Primeira Fase &#8211; Gin\u00e1sio SESI Taguatinga<\/strong><\/p>\n\n\n\n<p>20\/09 &#8211; 17h30 &#8211; Minas x Mackenzie<br>20\/09 &#8211; 20h &#8211; Praia Clube x Bras\u00edlia<br>21\/09 &#8211; 17h &#8211; Praia Clube x Mackenzie<br>21\/09 &#8211; 19h30 &#8211; Minas x Bras\u00edlia<br>22\/09 &#8211; 13h30 &#8211; Bras\u00edlia x Mackenzie<br>22\/09 &#8211; 16h &#8211; Minas x Praia Clube<\/p>\n\n\n\n<p><strong>Fase final &#8211; Arena Praia Clube Uberl\u00e2ndia<\/strong><\/p>\n\n\n\n<p>04\/10 &#8211; 18h &#8211; Semifinal 1 (1\u00ba colocado x 4\u00ba colocado)<br>04\/10 &#8211; 20h &#8211; Semifinal 2 (2\u00ba colocado x 3\u00ba colocado)<br>05\/10 &#8211; 17h &#8211; Disputa de 3\u00ba lugar (perdedor semi 1 x perdedor semi 2)<br>05\/10 &#8211; 19h30 &#8211; Final (vencedor semi 1 x vencedor semi 2)<\/p>\n","protected":false},"excerpt":{"rendered":"<p>Competi\u00e7\u00e3o come\u00e7a em 20 de setembro, com a primeira fase sendo disputada no SESI Taguatinga<\/p>\n","protected":false},"author":2,"featured_media":22388,"comment_status":"closed","ping_status":"closed","sticky":false,"template":"","format":"standard","meta":{"footnotes":""},"categories":[11],"tags":[],"class_list":["post-26492","post","type-post","status-publish","format-standard","has-post-thumbnail","hentry","category-volei"],"_links":{"self":[{"href":"https:\/\/www.esportesbrasilia.com.br\/noticias\/wp-json\/wp\/v2\/posts\/26492","targetHints":{"allow":["GET"]}}],"collection":[{"href":"https:\/\/www.esportesbrasilia.com.br\/noticias\/wp-json\/wp\/v2\/posts"}],"about":[{"href":"https:\/\/www.esportesbrasilia.com.br\/noticias\/wp-json\/wp\/v2\/types\/post"}],"author":[{"embeddable":true,"href":"https:\/\/www.esportesbrasilia.com.br\/noticias\/wp-json\/wp\/v2\/users\/2"}],"replies":[{"embeddable":true,"href":"https:\/\/www.esportesbrasilia.com.br\/noticias\/wp-json\/wp\/v2\/comments?post=26492"}],"version-history":[{"count":2,"href":"https:\/\/www.esportesbrasilia.com.br\/noticias\/wp-json\/wp\/v2\/posts\/26492\/revisions"}],"predecessor-version":[{"id":26494,"href":"https:\/\/www.esportesbrasilia.com.br\/noticias\/wp-json\/wp\/v2\/posts\/26492\/revisions\/26494"}],"wp:featuredmedia":[{"embeddable":true,"href":"https:\/\/www.esportesbrasilia.com.br\/noticias\/wp-json\/wp\/v2\/media\/22388"}],"wp:attachment":[{"href":"https:\/\/www.esportesbrasilia.com.br\/noticias\/wp-json\/wp\/v2\/media?parent=26492"}],"wp:term":[{"taxonomy":"category","embeddable":true,"href":"https:\/\/www.esportesbrasilia.com.br\/noticias\/wp-json\/wp\/v2\/categories?post=26492"},{"taxonomy":"post_tag","embeddable":true,"href":"https:\/\/www.esportesbrasilia.com.br\/noticias\/wp-json\/wp\/v2\/tags?post=26492"}],"curies":[{"name":"wp","href":"https:\/\/api.w.org\/{rel}","templated":true}]}}