{"id":26490,"date":"2024-09-10T22:24:08","date_gmt":"2024-09-11T01:24:08","guid":{"rendered":"https:\/\/www.esportesbrasilia.com.br\/noticias\/?p=26490"},"modified":"2024-09-10T22:24:44","modified_gmt":"2024-09-11T01:24:44","slug":"minas-brasilia-representara-o-df-na-copinha-feminina-2024","status":"publish","type":"post","link":"https:\/\/www.esportesbrasilia.com.br\/noticias\/futebol\/minas-brasilia-representara-o-df-na-copinha-feminina-2024.html","title":{"rendered":"Minas Bras\u00edlia representar\u00e1 o DF na Copinha Feminina 2024"},"content":{"rendered":"\n<p>O Minas Bras\u00edlia vai representar o Distrito Federal na Copa S\u00e3o Paulo de Futebol Junior Feminino em 2024. O sorteio das chaves aconteceu nesta ter\u00e7a-feira (10), em S\u00e3o Paulo.<\/p>\n\n\n\n<p>A competi\u00e7\u00e3o ser\u00e1 disputada em cinco est\u00e1dios de S\u00e3o Paulo\/SP entre os dias 28 de novembro e 15 de dezembro. <\/p>\n\n\n\n<p>Ao todo, 20 equipes participar\u00e3o da segunda edi\u00e7\u00e3o da competi\u00e7\u00e3o. O time candango \u00e9 o \u00fanico representante local no certame e foi alocado na chave C, com sede no est\u00e1dio Conde Rodolfo Crespi, o tradicional est\u00e1dio do Juventus da Mooca.<\/p>\n\n\n\n<p>Ao lado das Minas, est\u00e3o Palmeiras, Flamengo e Botafogo\/PB. Avan\u00e7am \u00e0s quartas os l\u00edderes de cada chave e os tr\u00eas melhores segundos colocados. As quartas, semifinais e final ser\u00e3o decididas em jogo \u00fanico.<\/p>\n\n\n\n<p>Confira as chaves da segunda edi\u00e7\u00e3o da Copinha Feminina:<\/p>\n\n\n\n<p><strong>Grupo A (Canind\u00e9)<\/strong><br>Corinthians<br>Centro Ol\u00edmpico<br>Cruzeiro-MG<br>Fortaleza-CE<\/p>\n\n\n\n<p><strong>Grupo B (Nicolau Alayon)<\/strong><br>Santos<br>Fluminense-RJ<br>Am\u00e9rica-MG<br>Sport-PE<\/p>\n\n\n\n<p><strong>Grupo C (Rua Javari)<\/strong><br>Palmeiras<br>Flamengo-RJ<br>Minas Bras\u00edlia-DF<br>Botafogo-PB<\/p>\n\n\n\n<p><strong>Grupo D (Ibrachina Arena)<\/strong><br>Ferrovi\u00e1ria<br>Botafogo-RJ<br>Gr\u00eamio-RS<br>Vit\u00f3ria-BA<\/p>\n\n\n\n<p><strong>Grupo E (CERET)<\/strong><br>S\u00e3o Paulo<br>Red Bull Bragantino<br>Internacional-RS<br>Vila Nova-GO<\/p>\n","protected":false},"excerpt":{"rendered":"<p>As minas est\u00e3o na chave C e v\u00e3o participar da segunda edi\u00e7\u00e3o da competi\u00e7\u00e3o<\/p>\n","protected":false},"author":2,"featured_media":22535,"comment_status":"closed","ping_status":"closed","sticky":false,"template":"","format":"standard","meta":{"footnotes":""},"categories":[8],"tags":[],"class_list":["post-26490","post","type-post","status-publish","format-standard","has-post-thumbnail","hentry","category-futebol"],"_links":{"self":[{"href":"https:\/\/www.esportesbrasilia.com.br\/noticias\/wp-json\/wp\/v2\/posts\/26490","targetHints":{"allow":["GET"]}}],"collection":[{"href":"https:\/\/www.esportesbrasilia.com.br\/noticias\/wp-json\/wp\/v2\/posts"}],"about":[{"href":"https:\/\/www.esportesbrasilia.com.br\/noticias\/wp-json\/wp\/v2\/types\/post"}],"author":[{"embeddable":true,"href":"https:\/\/www.esportesbrasilia.com.br\/noticias\/wp-json\/wp\/v2\/users\/2"}],"replies":[{"embeddable":true,"href":"https:\/\/www.esportesbrasilia.com.br\/noticias\/wp-json\/wp\/v2\/comments?post=26490"}],"version-history":[{"count":1,"href":"https:\/\/www.esportesbrasilia.com.br\/noticias\/wp-json\/wp\/v2\/posts\/26490\/revisions"}],"predecessor-version":[{"id":26491,"href":"https:\/\/www.esportesbrasilia.com.br\/noticias\/wp-json\/wp\/v2\/posts\/26490\/revisions\/26491"}],"wp:featuredmedia":[{"embeddable":true,"href":"https:\/\/www.esportesbrasilia.com.br\/noticias\/wp-json\/wp\/v2\/media\/22535"}],"wp:attachment":[{"href":"https:\/\/www.esportesbrasilia.com.br\/noticias\/wp-json\/wp\/v2\/media?parent=26490"}],"wp:term":[{"taxonomy":"category","embeddable":true,"href":"https:\/\/www.esportesbrasilia.com.br\/noticias\/wp-json\/wp\/v2\/categories?post=26490"},{"taxonomy":"post_tag","embeddable":true,"href":"https:\/\/www.esportesbrasilia.com.br\/noticias\/wp-json\/wp\/v2\/tags?post=26490"}],"curies":[{"name":"wp","href":"https:\/\/api.w.org\/{rel}","templated":true}]}}