{"id":26460,"date":"2024-09-02T17:44:56","date_gmt":"2024-09-02T20:44:56","guid":{"rendered":"https:\/\/www.esportesbrasilia.com.br\/noticias\/?p=26460"},"modified":"2024-09-10T22:24:52","modified_gmt":"2024-09-11T01:24:52","slug":"completando-o-que-comeca-errado-nao-tem-como-terminar-certo","status":"publish","type":"post","link":"https:\/\/www.esportesbrasilia.com.br\/noticias\/colunas\/notatico\/completando-o-que-comeca-errado-nao-tem-como-terminar-certo.html","title":{"rendered":"(Completando:) O que come\u00e7a errado, n\u00e3o tem como terminar certo"},"content":{"rendered":"\n<p>No dia 20 de maio, esta coluna escrevia sobre a estreia de Luiz Carlos Winck no Brasiliense. &#8220;J\u00e1 deixo muito bem avisado de antem\u00e3o que o que eu mais queria era ter minha l\u00edngua queimada e o Jacar\u00e9 no ascenso. Aparentemente n\u00e3o vou ter nem uma nem outra&#8221;, eu disse. E n\u00e3o foi por p\u00eanaltis que isso deixou de acontecer. Foi pelos Kaio Nunes e Matheus Batista da vida que entram em campo. Por ordem do t\u00e9cnico, se este for homem, ou por ordem de outro se estiver vacante.<\/p>\n\n\n\n<p>Disso saberemos at\u00e9 o final do ano: se o time mant\u00e9m o treinador na esfera de influ\u00eancia ou volta com os nomes de sempre. Sempre a mando do nome de sempre. &#8220;Que &#8216;esse time tem que subir&#8217; todo mundo sabe. Salvo o bom achado do Wagner Coradin, do bom e consistente Igor Morais, e do valente Aldo, que nem sempre vai estar pela idade e condi\u00e7\u00e3o f\u00edsica, seria precisa outra barca para fazer esse time subir. Matheus Batista e Kaio Nunes me fazem pensar que ainda d\u00e1 tempo de ser jogador com o meu sobrepeso&#8221;. Vou me calar, sen\u00e3o eu mesmo jogo pelo Brasiliense em 2025. E eu n\u00e3o quero fazer parte da culpa do de sempre, que nunca \u00e9 culpado, uma vez condenado.<\/p>\n\n\n\n<p>&#8220;Ah, o Ipor\u00e1, lanterna do \u00faltimo estadual, lidera a chave A5 (!!!) com um catado de clubes candangos, incluindo alguns da batuta do auribranco e do dono, oficialmente, Luiz Estev\u00e3o. SAF, clube social, ONG, o que seja. O Brasiliense n\u00e3o d\u00e1 certo e n\u00e3o de hoje. Mas quem reclama deve estar errado, por algo. Por fatores que mudaram a idiossincrasia do futebol candango. E para muito pior: um pesadelo de um ciclo vicioso que parece n\u00e3o ter fim&#8221;, eu escrevi. <em>Ipsis litteris<\/em>. Crer ou reventar.<\/p>\n\n\n\n<p>O Brasiliense Futebol Clube perdeu uma rara chance de subir em uma S\u00e9rie D de n\u00edvel rid\u00edculo. T\u00e3o rid\u00edculo que nem precisa ter um time sequer med\u00edocre (coisa que ainda falta ao Retr\u00f4) para bater o Brasiliense. T\u00e3o rid\u00edculo que bastou o mesmo Luiz Carlos Winck sair depois de quatro anos para o An\u00e1polis conseguir subir. Por sinal, parab\u00e9ns ao Galo, que algo diferente fez. Diferente de quem faz mal. E igual. E sempre. <\/p>\n\n\n\n<p>Sem futebol, sem calend\u00e1rio.<\/p>\n","protected":false},"excerpt":{"rendered":"<p>Uma f\u00f3rmula batida e repetida volta a provar pecados do Brasiliense em nova queda na S\u00e9rie D<\/p>\n","protected":false},"author":54,"featured_media":23087,"comment_status":"closed","ping_status":"closed","sticky":false,"template":"","format":"standard","meta":{"footnotes":""},"categories":[1029],"tags":[],"class_list":["post-26460","post","type-post","status-publish","format-standard","has-post-thumbnail","hentry","category-notatico"],"_links":{"self":[{"href":"https:\/\/www.esportesbrasilia.com.br\/noticias\/wp-json\/wp\/v2\/posts\/26460","targetHints":{"allow":["GET"]}}],"collection":[{"href":"https:\/\/www.esportesbrasilia.com.br\/noticias\/wp-json\/wp\/v2\/posts"}],"about":[{"href":"https:\/\/www.esportesbrasilia.com.br\/noticias\/wp-json\/wp\/v2\/types\/post"}],"author":[{"embeddable":true,"href":"https:\/\/www.esportesbrasilia.com.br\/noticias\/wp-json\/wp\/v2\/users\/54"}],"replies":[{"embeddable":true,"href":"https:\/\/www.esportesbrasilia.com.br\/noticias\/wp-json\/wp\/v2\/comments?post=26460"}],"version-history":[{"count":2,"href":"https:\/\/www.esportesbrasilia.com.br\/noticias\/wp-json\/wp\/v2\/posts\/26460\/revisions"}],"predecessor-version":[{"id":26462,"href":"https:\/\/www.esportesbrasilia.com.br\/noticias\/wp-json\/wp\/v2\/posts\/26460\/revisions\/26462"}],"wp:featuredmedia":[{"embeddable":true,"href":"https:\/\/www.esportesbrasilia.com.br\/noticias\/wp-json\/wp\/v2\/media\/23087"}],"wp:attachment":[{"href":"https:\/\/www.esportesbrasilia.com.br\/noticias\/wp-json\/wp\/v2\/media?parent=26460"}],"wp:term":[{"taxonomy":"category","embeddable":true,"href":"https:\/\/www.esportesbrasilia.com.br\/noticias\/wp-json\/wp\/v2\/categories?post=26460"},{"taxonomy":"post_tag","embeddable":true,"href":"https:\/\/www.esportesbrasilia.com.br\/noticias\/wp-json\/wp\/v2\/tags?post=26460"}],"curies":[{"name":"wp","href":"https:\/\/api.w.org\/{rel}","templated":true}]}}