{"id":26394,"date":"2024-08-19T11:55:49","date_gmt":"2024-08-19T14:55:49","guid":{"rendered":"https:\/\/www.esportesbrasilia.com.br\/noticias\/?p=26394"},"modified":"2024-08-19T12:02:11","modified_gmt":"2024-08-19T15:02:11","slug":"planaltina-ac-obtem-liminar-e-suspende-homologacao-de-resultado-de-segundo-wo","status":"publish","type":"post","link":"https:\/\/www.esportesbrasilia.com.br\/noticias\/futebol\/planaltina-ac-obtem-liminar-e-suspende-homologacao-de-resultado-de-segundo-wo.html","title":{"rendered":"Planaltina AC obt\u00e9m liminar e suspende homologa\u00e7\u00e3o de resultado de segundo WO"},"content":{"rendered":"\n<p>O Planaltina AC, time que disputa o Candang\u00e3o Feminino 2024, ingressou com um Mandado de Garantia na \u00faltima semana <a href=\"https:\/\/www.esportesbrasilia.com.br\/noticias\/futebol\/planaltina-ac-e-eliminado-do-candangao-feminino-2024.html\" data-type=\"post\" data-id=\"26351\">ap\u00f3s ser suspenso das disputas da competi\u00e7\u00e3o local<\/a> por ter perdido por WO para o Real Bras\u00edlia.<\/p>\n\n\n\n<p>No documento, o time pedia a suspens\u00e3o da segunda rodada do campeonato at\u00e9 a decis\u00e3o por parte do TJD-DF, a n\u00e3o-homologa\u00e7\u00e3o do resultado do WO da primeira rodada e a remarca\u00e7\u00e3o da partida diante do Minas Bras\u00edlia, partida v\u00e1lida pela segunda rodada.<\/p>\n\n\n\n<p>A defesa do Planaltina AC alegou que o clube foi exclu\u00eddo sumariamente da disputa sem o direito \u00e0 ampla defesa e que a diretoria de Competi\u00e7\u00f5es da FFDF teria invadido um \u00e2mbito que pertenceria ao Tribunal de Justi\u00e7a Desportiva.<\/p>\n\n\n\n<p>O TJD-DF concedeu a liminar na \u00faltima quinta-feira (15), suspendendo a homologa\u00e7\u00e3o do WO at\u00e9 o julgamento por parte do Tribunal. Na sexta-feira (16) ocorreu o julgamento, validando o resultado de 3&#215;0 para o Real Bras\u00edlia e multando o Planaltina AC em R$ 3 mil.<\/p>\n\n\n\n<p><strong><a href=\"https:\/\/www.esportesbrasilia.com.br\/noticias\/candangaofeminino2024\">Confira a tabela do Candang\u00e3o Feminino<\/a><\/strong><\/p>\n\n\n\n<p>Agora, o caso vai para uma decis\u00e3o final pelo Pleno do Tribunal na pr\u00f3xima quinta-feira (22), em audi\u00eancia marcada para \u00e0s 19h30.<\/p>\n","protected":false},"excerpt":{"rendered":"<p>Resultado da primeira rodada foi homologado pelo TJD-DF e caso vai para an\u00e1lise do Pleno do Tribunal<\/p>\n","protected":false},"author":2,"featured_media":26352,"comment_status":"closed","ping_status":"closed","sticky":false,"template":"","format":"standard","meta":{"footnotes":""},"categories":[8],"tags":[],"class_list":["post-26394","post","type-post","status-publish","format-standard","has-post-thumbnail","hentry","category-futebol"],"_links":{"self":[{"href":"https:\/\/www.esportesbrasilia.com.br\/noticias\/wp-json\/wp\/v2\/posts\/26394","targetHints":{"allow":["GET"]}}],"collection":[{"href":"https:\/\/www.esportesbrasilia.com.br\/noticias\/wp-json\/wp\/v2\/posts"}],"about":[{"href":"https:\/\/www.esportesbrasilia.com.br\/noticias\/wp-json\/wp\/v2\/types\/post"}],"author":[{"embeddable":true,"href":"https:\/\/www.esportesbrasilia.com.br\/noticias\/wp-json\/wp\/v2\/users\/2"}],"replies":[{"embeddable":true,"href":"https:\/\/www.esportesbrasilia.com.br\/noticias\/wp-json\/wp\/v2\/comments?post=26394"}],"version-history":[{"count":2,"href":"https:\/\/www.esportesbrasilia.com.br\/noticias\/wp-json\/wp\/v2\/posts\/26394\/revisions"}],"predecessor-version":[{"id":26397,"href":"https:\/\/www.esportesbrasilia.com.br\/noticias\/wp-json\/wp\/v2\/posts\/26394\/revisions\/26397"}],"wp:featuredmedia":[{"embeddable":true,"href":"https:\/\/www.esportesbrasilia.com.br\/noticias\/wp-json\/wp\/v2\/media\/26352"}],"wp:attachment":[{"href":"https:\/\/www.esportesbrasilia.com.br\/noticias\/wp-json\/wp\/v2\/media?parent=26394"}],"wp:term":[{"taxonomy":"category","embeddable":true,"href":"https:\/\/www.esportesbrasilia.com.br\/noticias\/wp-json\/wp\/v2\/categories?post=26394"},{"taxonomy":"post_tag","embeddable":true,"href":"https:\/\/www.esportesbrasilia.com.br\/noticias\/wp-json\/wp\/v2\/tags?post=26394"}],"curies":[{"name":"wp","href":"https:\/\/api.w.org\/{rel}","templated":true}]}}