{"id":26341,"date":"2024-08-12T17:48:44","date_gmt":"2024-08-12T20:48:44","guid":{"rendered":"https:\/\/www.esportesbrasilia.com.br\/noticias\/?p=26341"},"modified":"2024-08-12T17:54:37","modified_gmt":"2024-08-12T20:54:37","slug":"o-brasiliense-esta-perto-de-fazer-historia","status":"publish","type":"post","link":"https:\/\/www.esportesbrasilia.com.br\/noticias\/colunas\/o-brasiliense-esta-perto-de-fazer-historia.html","title":{"rendered":"O Brasiliense est\u00e1 perto de fazer hist\u00f3ria?"},"content":{"rendered":"\n<p>E a resposta \u00e9 n\u00e3o. Porque pelas minhas contas, apenas quatro times no Centro-Oeste t\u00eam mais ou equipar\u00e1vel estrutura: os tr\u00eas goianos (Goi\u00e1s, Atl\u00e9tico e Vila Nova) e o Cuiab\u00e1. Porque tirando esses times, as gl\u00f3rias s\u00e3o minguadas: uma S\u00e9rie B do Gama em 1998, uma S\u00e9rie D da Aparecidense em 2021 e as Copas Verdes de Bras\u00edlia (2014) e Luverdense (2017).<\/p>\n\n\n\n<p>Se estendo \u00e0 Copa do Brasil, apenas o Goi\u00e1s foi mais semifinalista (quatro vezes) do que o Jacar\u00e9, em 2002 e 2007. Jogou uma final &#8211; ao perder para o Flamengo em 1990 &#8211; assim como o Ense, que em 2002 caiu de forma pol\u00eamica para o Corinthians. Na regi\u00e3o, s\u00f3 o Atl\u00e9tico-GO tamb\u00e9m foi semifinalista, em rara vez, l\u00e1 em 2010.<\/p>\n\n\n\n<p>Portanto, a pergunta n\u00e3o \u00e9 se o Brasiliense est\u00e1 perto de fazer hist\u00f3ria porque a hist\u00f3ria n\u00e3o \u00e9 um acesso insuportavelmente dif\u00edcil. A pergunta, sim, \u00e9: quando o Brasiliense vai voltar a fazer hist\u00f3ria? \u00c9 mais, a \u00fanica &#8220;quase-megal\u00f3pole&#8221; do Centro-Oeste merece um time de breve lampejo com tanta condi\u00e7\u00e3o de ser mais e fingir ser quase nada? Por favor! Se sim, mais vale mesmo deixar para que tentem Ceil\u00e2ndia e Capital e seguir a perder para si mesmo, como os arquirrivais gamenses t\u00eam feito.<\/p>\n\n\n\n<p>Ent\u00e3o, n\u00e3o quero desanimar a parcela da imprensa que defende o \u00e2nimo de um acesso que eu tamb\u00e9m apoio. Sim, faz bem para a imprensa daqui, para o ranking, para dinheiro, visibilidade e tudo mais. Todo mundo sabe. Mas por que o Brasiliense foi saber depois de tanta gente? Depois de Mirassol, Novorizontino, Manaus, Amazonas, o pr\u00f3prio Cuiab\u00e1&#8230; Volta Redonda, S\u00e3o Bernardo, (por que n\u00e3o?) Chapecoense&#8230;<\/p>\n\n\n\n<p>Quem diz que &#8220;o acesso n\u00e3o \u00e9 mais que obriga\u00e7\u00e3o&#8221; tem raz\u00e3o? SIM! Pelo que vale a camisa e por aqueles que perdem semanas e domingos (torcedores e oper\u00e1rios do clube) e se calejam de esperan\u00e7as mortas sem mais nem menos pelos Nova Ven\u00e9cia, Ferrovi\u00e1ria e Athletic da vida. \u00c9 nada mais que o respeito que o futebol candango e uma institui\u00e7\u00e3o como o Brasiliense Futebol Clube voltariam a requisitar depois de uma d\u00e9cada perdida. <\/p>\n\n\n\n<p>Dita impress\u00e3o, h\u00e1 que garantir em campo. Restam tr\u00eas jogos e o acesso est\u00e1 na m\u00e3o. Ainda mais em um n\u00edvel como esta S\u00e9rie D apresenta. N\u00e3o subir seria pior do que fechar as portas.<\/p>\n","protected":false},"excerpt":{"rendered":"<p>Os 4 x 1 sobre o Brasil-RS condicionam \u00e0 disputa direta do acesso. Est\u00e1 pr\u00f3ximo de fazer hist\u00f3ria?<\/p>\n","protected":false},"author":54,"featured_media":23087,"comment_status":"closed","ping_status":"closed","sticky":false,"template":"","format":"standard","meta":{"footnotes":""},"categories":[25,1029],"tags":[],"class_list":["post-26341","post","type-post","status-publish","format-standard","has-post-thumbnail","hentry","category-colunas","category-notatico"],"_links":{"self":[{"href":"https:\/\/www.esportesbrasilia.com.br\/noticias\/wp-json\/wp\/v2\/posts\/26341","targetHints":{"allow":["GET"]}}],"collection":[{"href":"https:\/\/www.esportesbrasilia.com.br\/noticias\/wp-json\/wp\/v2\/posts"}],"about":[{"href":"https:\/\/www.esportesbrasilia.com.br\/noticias\/wp-json\/wp\/v2\/types\/post"}],"author":[{"embeddable":true,"href":"https:\/\/www.esportesbrasilia.com.br\/noticias\/wp-json\/wp\/v2\/users\/54"}],"replies":[{"embeddable":true,"href":"https:\/\/www.esportesbrasilia.com.br\/noticias\/wp-json\/wp\/v2\/comments?post=26341"}],"version-history":[{"count":8,"href":"https:\/\/www.esportesbrasilia.com.br\/noticias\/wp-json\/wp\/v2\/posts\/26341\/revisions"}],"predecessor-version":[{"id":26350,"href":"https:\/\/www.esportesbrasilia.com.br\/noticias\/wp-json\/wp\/v2\/posts\/26341\/revisions\/26350"}],"wp:featuredmedia":[{"embeddable":true,"href":"https:\/\/www.esportesbrasilia.com.br\/noticias\/wp-json\/wp\/v2\/media\/23087"}],"wp:attachment":[{"href":"https:\/\/www.esportesbrasilia.com.br\/noticias\/wp-json\/wp\/v2\/media?parent=26341"}],"wp:term":[{"taxonomy":"category","embeddable":true,"href":"https:\/\/www.esportesbrasilia.com.br\/noticias\/wp-json\/wp\/v2\/categories?post=26341"},{"taxonomy":"post_tag","embeddable":true,"href":"https:\/\/www.esportesbrasilia.com.br\/noticias\/wp-json\/wp\/v2\/tags?post=26341"}],"curies":[{"name":"wp","href":"https:\/\/api.w.org\/{rel}","templated":true}]}}