{"id":26327,"date":"2024-08-06T02:00:29","date_gmt":"2024-08-06T05:00:29","guid":{"rendered":"https:\/\/www.esportesbrasilia.com.br\/noticias\/?p=26327"},"modified":"2024-08-06T02:00:29","modified_gmt":"2024-08-06T05:00:29","slug":"cbf-confirma-datas-dos-jogos-do-brasiliense-nas-oitavas-da-serie-d","status":"publish","type":"post","link":"https:\/\/www.esportesbrasilia.com.br\/noticias\/futebol\/cbf-confirma-datas-dos-jogos-do-brasiliense-nas-oitavas-da-serie-d.html","title":{"rendered":"CBF confirma datas dos jogos do Brasiliense nas oitavas da S\u00e9rie D"},"content":{"rendered":"\n<p>A Confedera\u00e7\u00e3o Brasileira de Futebol divulgou, na noite desta segunda-feira (05), a tabela com os hor\u00e1rios e jogos das oitavas de final do Brasileir\u00e3o S\u00e9rie D.<\/p>\n\n\n\n<p>O Brasiliense, \u00fanico representante do Distrito Federal na competi\u00e7\u00e3o, enfrentar\u00e1 o Brasil de Pelotas\/RS na terceira fase do certame.<\/p>\n\n\n\n<p>Ser\u00e1 uma melhor de 180 minutos. Caso haja empate no somat\u00f3rio das duas partidas, a vaga para a \u00faltima fase antes do acesso para a S\u00e9rie C ser\u00e1 definida nos p\u00eanaltis.<\/p>\n\n\n\n<p>Os jogos ser\u00e3o disputados em dois domingos. A partida de ida acontece no dia 11 de agosto, \u00e0s 16h, no est\u00e1dio Bento Freitas, em Pelotas\/RS. J\u00e1 o confronto da volta ser\u00e1 realizado no dia 18 de agosto, \u00e0s 15h30, no est\u00e1dio Serej\u00e3o, em Taguatinga.<\/p>\n\n\n\n<p>Quem passar conhecer\u00e1 o advers\u00e1rio das quartas de final ap\u00f3s a reclassifica\u00e7\u00e3o, com base nos jogos das tr\u00eas fases anteriores.<\/p>\n","protected":false},"excerpt":{"rendered":"<p>Jacar\u00e9 vai enfrentar o Brasil\/RS em duas partidas. A primeira \u00e9 fora de casa<\/p>\n","protected":false},"author":2,"featured_media":14304,"comment_status":"closed","ping_status":"closed","sticky":false,"template":"","format":"standard","meta":{"footnotes":""},"categories":[8],"tags":[],"class_list":["post-26327","post","type-post","status-publish","format-standard","has-post-thumbnail","hentry","category-futebol"],"_links":{"self":[{"href":"https:\/\/www.esportesbrasilia.com.br\/noticias\/wp-json\/wp\/v2\/posts\/26327","targetHints":{"allow":["GET"]}}],"collection":[{"href":"https:\/\/www.esportesbrasilia.com.br\/noticias\/wp-json\/wp\/v2\/posts"}],"about":[{"href":"https:\/\/www.esportesbrasilia.com.br\/noticias\/wp-json\/wp\/v2\/types\/post"}],"author":[{"embeddable":true,"href":"https:\/\/www.esportesbrasilia.com.br\/noticias\/wp-json\/wp\/v2\/users\/2"}],"replies":[{"embeddable":true,"href":"https:\/\/www.esportesbrasilia.com.br\/noticias\/wp-json\/wp\/v2\/comments?post=26327"}],"version-history":[{"count":1,"href":"https:\/\/www.esportesbrasilia.com.br\/noticias\/wp-json\/wp\/v2\/posts\/26327\/revisions"}],"predecessor-version":[{"id":26328,"href":"https:\/\/www.esportesbrasilia.com.br\/noticias\/wp-json\/wp\/v2\/posts\/26327\/revisions\/26328"}],"wp:featuredmedia":[{"embeddable":true,"href":"https:\/\/www.esportesbrasilia.com.br\/noticias\/wp-json\/wp\/v2\/media\/14304"}],"wp:attachment":[{"href":"https:\/\/www.esportesbrasilia.com.br\/noticias\/wp-json\/wp\/v2\/media?parent=26327"}],"wp:term":[{"taxonomy":"category","embeddable":true,"href":"https:\/\/www.esportesbrasilia.com.br\/noticias\/wp-json\/wp\/v2\/categories?post=26327"},{"taxonomy":"post_tag","embeddable":true,"href":"https:\/\/www.esportesbrasilia.com.br\/noticias\/wp-json\/wp\/v2\/tags?post=26327"}],"curies":[{"name":"wp","href":"https:\/\/api.w.org\/{rel}","templated":true}]}}