{"id":26256,"date":"2024-07-25T09:41:00","date_gmt":"2024-07-25T12:41:00","guid":{"rendered":"https:\/\/www.esportesbrasilia.com.br\/noticias\/?p=26256"},"modified":"2024-07-25T15:28:51","modified_gmt":"2024-07-25T18:28:51","slug":"gama-leoes-de-juda-estreiia-no-brasileirao-de-futebol-americano-neste-sabado","status":"publish","type":"post","link":"https:\/\/www.esportesbrasilia.com.br\/noticias\/outros\/gama-leoes-de-juda-estreiia-no-brasileirao-de-futebol-americano-neste-sabado.html","title":{"rendered":"Gama\/Le\u00f5es de Jud\u00e1 estreia no Brasileir\u00e3o de futebol americano neste s\u00e1bado"},"content":{"rendered":"\n<p>Foto: Divulga\u00e7\u00e3o\/Gama\/LDJ<\/p>\n\n\n\n<p>O torcedor gamense ainda tem calend\u00e1rio para torcer na categoria profissional em 2024. Desta vez, jardas ao inv\u00e9s de metros, field goals ao inv\u00e9s de cobran\u00e7a de faltas e touchdowns ao inv\u00e9s de gols. O Gama\/Le\u00f5es de Jud\u00e1 estreia neste s\u00e1bado (27) pelo Campeonato Brasileiro de Futebol Americano: o confronto \u00e9 contra o Moura Lacerda Dragons, \u00e0s 14h, no CT Ninho do Periquito, na Ponte Alta.<\/p>\n\n\n\n<p>O time tenta voltar a vencer na competi\u00e7\u00e3o pela primeira vez desde a estreia no certame, em 30 de julho de 2022, quando, tamb\u00e9m como local, bateu o Goi\u00e2nia Rednecks por 34 x 0. Desde ent\u00e3o, perdeu sete jogos e nunca avan\u00e7ou aos playoffs. Particularmente, o time de Ribeir\u00e3o Preto \u00e9 carrasco desde a introdu\u00e7\u00e3o do campeonato: em 2022, 16 x 8, e, em 2023, 21 x 9, este \u00faltimo com mando dos candangos.<\/p>\n\n\n\n<p>Al\u00e9m dos Drag\u00f5es, outros dois times fazem parte da chave do alviverde. O Guarulhos Rhynos e o Rio Preto Weilers fecham o Grupo A da competi\u00e7\u00e3o. O Distrito Federal tamb\u00e9m tem representantes na segunda divis\u00e3o: Wizards e Templ\u00e1rios estreiam entre si no pr\u00f3ximo dia 03 de agosto, no Est\u00e1dio Roriz\u00e3o, pelo Grupo E. Pela BFA, o Tubar\u00f5es do Cerrado estreou com derrota por 28 x 10 para o Manaus, em Samambaia, no \u00faltimo dia 07.<\/p>\n\n\n\n<p>Para o presidente Adalberto Correa, o &#8220;Dadau&#8221;, a longa prepara\u00e7\u00e3o e o fator-casa podem ser determinantes para come\u00e7ar bem. &#8220;O Gama\/Le\u00f5es de Jud\u00e1 tem uma forte vantagem em jogar em casa, mas isso n\u00e3o \u00e9 o fato predominante para a confian\u00e7a do time, pois foram treinos duros e puxados, desde mar\u00e7o desde ano para a estreia no Campeonato Brasileiro de Futebol Americano. Estamos prontos!&#8221;, afirma.<\/p>\n\n\n\n<p>Os ingressos para a estreia do Gama\/LDJ t\u00eam pre\u00e7o promocional de meia-entrada a R$ 10, que ser\u00e3o comercializados na entrada do local do jogo, antes de voar a bola oval.<\/p>\n","protected":false},"excerpt":{"rendered":"<p>Partida frente ao Moura Lacerda Dragons, de Ribeir\u00e3o Preto, come\u00e7a \u00e0s 14h, no Ninho do Periquito<\/p>\n","protected":false},"author":54,"featured_media":26257,"comment_status":"closed","ping_status":"closed","sticky":false,"template":"","format":"standard","meta":{"footnotes":""},"categories":[2],"tags":[],"class_list":["post-26256","post","type-post","status-publish","format-standard","has-post-thumbnail","hentry","category-outros"],"_links":{"self":[{"href":"https:\/\/www.esportesbrasilia.com.br\/noticias\/wp-json\/wp\/v2\/posts\/26256","targetHints":{"allow":["GET"]}}],"collection":[{"href":"https:\/\/www.esportesbrasilia.com.br\/noticias\/wp-json\/wp\/v2\/posts"}],"about":[{"href":"https:\/\/www.esportesbrasilia.com.br\/noticias\/wp-json\/wp\/v2\/types\/post"}],"author":[{"embeddable":true,"href":"https:\/\/www.esportesbrasilia.com.br\/noticias\/wp-json\/wp\/v2\/users\/54"}],"replies":[{"embeddable":true,"href":"https:\/\/www.esportesbrasilia.com.br\/noticias\/wp-json\/wp\/v2\/comments?post=26256"}],"version-history":[{"count":8,"href":"https:\/\/www.esportesbrasilia.com.br\/noticias\/wp-json\/wp\/v2\/posts\/26256\/revisions"}],"predecessor-version":[{"id":26275,"href":"https:\/\/www.esportesbrasilia.com.br\/noticias\/wp-json\/wp\/v2\/posts\/26256\/revisions\/26275"}],"wp:featuredmedia":[{"embeddable":true,"href":"https:\/\/www.esportesbrasilia.com.br\/noticias\/wp-json\/wp\/v2\/media\/26257"}],"wp:attachment":[{"href":"https:\/\/www.esportesbrasilia.com.br\/noticias\/wp-json\/wp\/v2\/media?parent=26256"}],"wp:term":[{"taxonomy":"category","embeddable":true,"href":"https:\/\/www.esportesbrasilia.com.br\/noticias\/wp-json\/wp\/v2\/categories?post=26256"},{"taxonomy":"post_tag","embeddable":true,"href":"https:\/\/www.esportesbrasilia.com.br\/noticias\/wp-json\/wp\/v2\/tags?post=26256"}],"curies":[{"name":"wp","href":"https:\/\/api.w.org\/{rel}","templated":true}]}}