{"id":26134,"date":"2024-07-01T11:08:51","date_gmt":"2024-07-01T14:08:51","guid":{"rendered":"https:\/\/www.esportesbrasilia.com.br\/noticias\/?p=26134"},"modified":"2024-07-04T22:56:06","modified_gmt":"2024-07-05T01:56:06","slug":"a-vontade-de-classico-e-o-profissionalismo","status":"publish","type":"post","link":"https:\/\/www.esportesbrasilia.com.br\/noticias\/colunas\/notatico\/a-vontade-de-classico-e-o-profissionalismo.html","title":{"rendered":"A vontade de cl\u00e1ssico e o profissionalismo"},"content":{"rendered":"\n<p>Esta hist\u00f3ria \u00e9 de um bastidor da imprensa candanga ao fiel leitor e torcedor do futebol do Distrito Federal. \u00c0s vezes \u00e9 bom contar o que rola entre os meios de comunica\u00e7\u00e3o. Neste fim de semana, as conversas internas se pautaram na expectativa do Gama x Brasiliense que haver\u00e1 na semifinal do Candang\u00e3o Sub-20, passadas as suadas classifica\u00e7\u00f5es frente aos competentes Cana\u00e3 e Parano\u00e1, respectivamente.<\/p>\n\n\n\n<p>Esta, claro, \u00e9 uma reedi\u00e7\u00e3o do que se viu na temporada passada, com uma defini\u00e7\u00e3o. Com torcidas bem pr\u00f3ximas \u00e0s arquibancadas e outras hist\u00f3rias a n\u00edvel pessoal (algumas relatadas \u00e0 audi\u00eancia da Esportes Bras\u00edlia) no avan\u00e7o gamenses nos p\u00eanaltis em pleno Serej\u00e3o, depois de acirrados 180 minutos.<\/p>\n\n\n\n<p>Isto tamb\u00e9m confirma tend\u00eancias locais sobre a repetitividade dos clubes que chegar \u00e0s distantes inst\u00e2ncias nas bases de Bras\u00edlia. A \u00fanica mudan\u00e7a em rela\u00e7\u00e3o ao quadro de semifinais do ano passado \u00e9 a presen\u00e7a do Real Bras\u00edlia no lugar do Cana\u00e3. <\/p>\n\n\n\n<p>Gama e Capital s\u00e3o bons favoritos, inclusive, a reeditar a final de 2023, com triunfo alviverde no Man\u00e9 Garrincha. Registre-se tamb\u00e9m mais uma boa chegada do Jacar\u00e9 em seu segundo ano de retorno \u00e0s competi\u00e7\u00f5es desta categoria.<\/p>\n\n\n\n<p>A expectativa de cl\u00e1ssico sempre ati\u00e7a a quem aprecia a bola. E isso representa o desejo de ver espet\u00e1culos dessa natureza e de ver o futebol da nossa cidade cada vez maior, ainda que o holofote de hoje seja mais a categoria menor do que o profissionalismo. Rola mais uma rodada de S\u00e9rie D e ningu\u00e9m t\u00e1 ligando. \u00c9 triste, mas \u00e9 real.<\/p>\n","protected":false},"excerpt":{"rendered":"<p>Esta hist\u00f3ria \u00e9 de um bastidor da imprensa candanga ao fiel leitor e torcedor do futebol do Distrito Federal. \u00c0s vezes \u00e9 bom contar o que rola entre os meios de comunica\u00e7\u00e3o. Neste fim de semana, as conversas internas se pautaram na expectativa do Gama x Brasiliense que haver\u00e1 na semifinal do Candang\u00e3o Sub-20, passadas [&hellip;]<\/p>\n","protected":false},"author":54,"featured_media":23087,"comment_status":"closed","ping_status":"closed","sticky":false,"template":"","format":"standard","meta":{"footnotes":""},"categories":[1029],"tags":[],"class_list":["post-26134","post","type-post","status-publish","format-standard","has-post-thumbnail","hentry","category-notatico"],"_links":{"self":[{"href":"https:\/\/www.esportesbrasilia.com.br\/noticias\/wp-json\/wp\/v2\/posts\/26134","targetHints":{"allow":["GET"]}}],"collection":[{"href":"https:\/\/www.esportesbrasilia.com.br\/noticias\/wp-json\/wp\/v2\/posts"}],"about":[{"href":"https:\/\/www.esportesbrasilia.com.br\/noticias\/wp-json\/wp\/v2\/types\/post"}],"author":[{"embeddable":true,"href":"https:\/\/www.esportesbrasilia.com.br\/noticias\/wp-json\/wp\/v2\/users\/54"}],"replies":[{"embeddable":true,"href":"https:\/\/www.esportesbrasilia.com.br\/noticias\/wp-json\/wp\/v2\/comments?post=26134"}],"version-history":[{"count":4,"href":"https:\/\/www.esportesbrasilia.com.br\/noticias\/wp-json\/wp\/v2\/posts\/26134\/revisions"}],"predecessor-version":[{"id":26138,"href":"https:\/\/www.esportesbrasilia.com.br\/noticias\/wp-json\/wp\/v2\/posts\/26134\/revisions\/26138"}],"wp:featuredmedia":[{"embeddable":true,"href":"https:\/\/www.esportesbrasilia.com.br\/noticias\/wp-json\/wp\/v2\/media\/23087"}],"wp:attachment":[{"href":"https:\/\/www.esportesbrasilia.com.br\/noticias\/wp-json\/wp\/v2\/media?parent=26134"}],"wp:term":[{"taxonomy":"category","embeddable":true,"href":"https:\/\/www.esportesbrasilia.com.br\/noticias\/wp-json\/wp\/v2\/categories?post=26134"},{"taxonomy":"post_tag","embeddable":true,"href":"https:\/\/www.esportesbrasilia.com.br\/noticias\/wp-json\/wp\/v2\/tags?post=26134"}],"curies":[{"name":"wp","href":"https:\/\/api.w.org\/{rel}","templated":true}]}}