{"id":26106,"date":"2024-06-24T14:17:30","date_gmt":"2024-06-24T17:17:30","guid":{"rendered":"https:\/\/www.esportesbrasilia.com.br\/noticias\/?p=26106"},"modified":"2024-06-25T17:38:37","modified_gmt":"2024-06-25T20:38:37","slug":"cheira-a-historia-conhecida","status":"publish","type":"post","link":"https:\/\/www.esportesbrasilia.com.br\/noticias\/colunas\/notatico\/cheira-a-historia-conhecida.html","title":{"rendered":"Cheira a hist\u00f3ria conhecida&#8230;"},"content":{"rendered":"\n<p>O que o Brasiliense pode fazer para avan\u00e7ar em primeiro \u00e9 simplesmente n\u00e3o apresentar abaixo do inapresent\u00e1vel. Sem convencer, o pat\u00e9tico Grupo A5 se torna marmelada ao Jacar\u00e9 a cada partida. Os mato-grossenses n\u00e3o s\u00e3o chatos (muito pelo contr\u00e1rio) e os goianos parecem desavisados do fim do estadual e que podem jogar mais bola.<\/p>\n\n\n\n<p>No entanto a tem\u00e1tica desta linha de racioc\u00ednio n\u00e3o passa por agora. Vamos pensar adiante: no fim do m\u00eas, virando para agosto. O Brasiliense est\u00e1 classificado aos 32-avos de final da S\u00e9rie D. O contr\u00e1rio n\u00e3o acontecer\u00e1. A defini\u00e7\u00e3o do primeiro lugar vale muito: \u00e9 evitar os cobr\u00f5es do Grupo A6 no cruzamento seguinte: Portuguesa-RJ, Nova Igua\u00e7u, Itabuna&#8230;<\/p>\n\n\n\n<p>Ser\u00e1 mam\u00e3ozinho. \u00c9 contra o An\u00e1polis. Aquele mesmo que deu sufoco (com Winck no comando e com um time pior que nos anos anteriores) mas perdeu com um milagroso gola\u00e7o do n\u00e3o mais preferido Gui Mendes, no Serej\u00e3o. N\u00e3o \u00e9 preciso ter tanta mem\u00f3ria fresca pra ver que todo cuidado \u00e9 pouco<\/p>\n\n\n\n<p>Isso \u00e9, tem que passar em primeiro, Brasiliense, hein? Ou vai somar dois vexames de uma vez em n\u00e3o ser l\u00edder e depois ser amplamente dominado contra uma equipe muito melhor como foi contra o Athletic ano passado? Quero ver&#8230;<\/p>\n\n\n\n<p>Isto \u00e9: apenas Manauara e Treze t\u00eam campanha melhor que o Ense. O Maring\u00e1 tem os mesmos 23 pontos. Em 2022 era similar. Uma das melhores campanhas. Na outra chave, um classificado capixaba. \u00c0 \u00e9poca era o Nova Ven\u00e9cia, logo ser\u00e1 Serra ou Real Noroeste. Dificilmente saia disso. Pode ser engano. Espero estar enganado. Mas que cheira a hist\u00f3ria conhecida, c\u00e1 entre n\u00f3s, de cor e salteado, cheira.<\/p>\n","protected":false},"excerpt":{"rendered":"<p>O que o Brasiliense pode fazer para avan\u00e7ar em primeiro \u00e9 simplesmente n\u00e3o apresentar abaixo do inapresent\u00e1vel. Sem convencer, o pat\u00e9tico Grupo A5 se torna marmelada ao Jacar\u00e9 a cada partida. Os mato-grossenses n\u00e3o s\u00e3o chatos (muito pelo contr\u00e1rio) e os goianos parecem desavisados do fim do estadual e que podem jogar mais bola. No [&hellip;]<\/p>\n","protected":false},"author":54,"featured_media":23087,"comment_status":"closed","ping_status":"closed","sticky":false,"template":"","format":"standard","meta":{"footnotes":""},"categories":[1029],"tags":[],"class_list":["post-26106","post","type-post","status-publish","format-standard","has-post-thumbnail","hentry","category-notatico"],"_links":{"self":[{"href":"https:\/\/www.esportesbrasilia.com.br\/noticias\/wp-json\/wp\/v2\/posts\/26106","targetHints":{"allow":["GET"]}}],"collection":[{"href":"https:\/\/www.esportesbrasilia.com.br\/noticias\/wp-json\/wp\/v2\/posts"}],"about":[{"href":"https:\/\/www.esportesbrasilia.com.br\/noticias\/wp-json\/wp\/v2\/types\/post"}],"author":[{"embeddable":true,"href":"https:\/\/www.esportesbrasilia.com.br\/noticias\/wp-json\/wp\/v2\/users\/54"}],"replies":[{"embeddable":true,"href":"https:\/\/www.esportesbrasilia.com.br\/noticias\/wp-json\/wp\/v2\/comments?post=26106"}],"version-history":[{"count":2,"href":"https:\/\/www.esportesbrasilia.com.br\/noticias\/wp-json\/wp\/v2\/posts\/26106\/revisions"}],"predecessor-version":[{"id":26108,"href":"https:\/\/www.esportesbrasilia.com.br\/noticias\/wp-json\/wp\/v2\/posts\/26106\/revisions\/26108"}],"wp:featuredmedia":[{"embeddable":true,"href":"https:\/\/www.esportesbrasilia.com.br\/noticias\/wp-json\/wp\/v2\/media\/23087"}],"wp:attachment":[{"href":"https:\/\/www.esportesbrasilia.com.br\/noticias\/wp-json\/wp\/v2\/media?parent=26106"}],"wp:term":[{"taxonomy":"category","embeddable":true,"href":"https:\/\/www.esportesbrasilia.com.br\/noticias\/wp-json\/wp\/v2\/categories?post=26106"},{"taxonomy":"post_tag","embeddable":true,"href":"https:\/\/www.esportesbrasilia.com.br\/noticias\/wp-json\/wp\/v2\/tags?post=26106"}],"curies":[{"name":"wp","href":"https:\/\/api.w.org\/{rel}","templated":true}]}}