{"id":26080,"date":"2024-06-17T20:38:00","date_gmt":"2024-06-17T23:38:00","guid":{"rendered":"https:\/\/www.esportesbrasilia.com.br\/noticias\/?p=26080"},"modified":"2024-06-17T20:38:48","modified_gmt":"2024-06-17T23:38:48","slug":"jogadores-campeoes-do-candangao-sub-13-sao-contratados-pelo-gama","status":"publish","type":"post","link":"https:\/\/www.esportesbrasilia.com.br\/noticias\/futebol\/jogadores-campeoes-do-candangao-sub-13-sao-contratados-pelo-gama.html","title":{"rendered":"Jogadores campe\u00f5es do Candang\u00e3o Sub-13 s\u00e3o contratados pelo Gama"},"content":{"rendered":"\n<p>Todo mundo sabe que a base no futebol \u00e9 importante. \u00c9 dali que come\u00e7am a surgir os craques para o futebol brasileiro. Ap\u00f3s disputar competi\u00e7\u00f5es locais, os atletas que estavam na categoria sub-13 do Gama assinaram contrato com clube na semana passada.<\/p>\n\n\n\n<p>Segundo a diretoria alviverde, o bom futebol apresentado chamou a aten\u00e7\u00e3o dos dirigentes e fez com que o clube contratasse os jogadores.<\/p>\n\n\n\n<p>&#8220;\u00c9 uma categoria que nos deixa com muita esperan\u00e7a, n\u00e3o s\u00f3 pela qualidade dos meninos, pelo que eles demonstraram, por terem conquistado um t\u00edtulo a mais para o clube &#8211; que tudo isso tamb\u00e9m tem muita import\u00e2ncia -, mas a gente sente que est\u00e1 se preparando para o futuro&#8221;, disse o diretor de futebol da Sociedade Esportiva do Gama, Zuza Falc\u00e3o.<\/p>\n\n\n\n<p>O dirigente tamb\u00e9m aponta que essa pode ser um novo norte no alviverde, visando mais t\u00edtulos. &#8220;Acho que a principal palavra que define a categoria do sub 13 \u00e9: esperan\u00e7a. A esperan\u00e7a de um futuro melhor e a esperan\u00e7a de finalmente conseguir encaminhar um projeto esportivo que inicie no Sub-13 termine no profissional&#8221;, completa.<\/p>\n\n\n\n<p><\/p>\n","protected":false},"excerpt":{"rendered":"<p>Todo mundo sabe que a base no futebol \u00e9 importante. \u00c9 dali que come\u00e7am a surgir os craques para o futebol brasileiro. Ap\u00f3s disputar competi\u00e7\u00f5es locais, os atletas que estavam na categoria sub-13 do Gama assinaram contrato com clube na semana passada. Segundo a diretoria alviverde, o bom futebol apresentado chamou a aten\u00e7\u00e3o dos dirigentes [&hellip;]<\/p>\n","protected":false},"author":2,"featured_media":26081,"comment_status":"closed","ping_status":"closed","sticky":false,"template":"","format":"standard","meta":{"footnotes":""},"categories":[8],"tags":[],"class_list":["post-26080","post","type-post","status-publish","format-standard","has-post-thumbnail","hentry","category-futebol"],"_links":{"self":[{"href":"https:\/\/www.esportesbrasilia.com.br\/noticias\/wp-json\/wp\/v2\/posts\/26080","targetHints":{"allow":["GET"]}}],"collection":[{"href":"https:\/\/www.esportesbrasilia.com.br\/noticias\/wp-json\/wp\/v2\/posts"}],"about":[{"href":"https:\/\/www.esportesbrasilia.com.br\/noticias\/wp-json\/wp\/v2\/types\/post"}],"author":[{"embeddable":true,"href":"https:\/\/www.esportesbrasilia.com.br\/noticias\/wp-json\/wp\/v2\/users\/2"}],"replies":[{"embeddable":true,"href":"https:\/\/www.esportesbrasilia.com.br\/noticias\/wp-json\/wp\/v2\/comments?post=26080"}],"version-history":[{"count":2,"href":"https:\/\/www.esportesbrasilia.com.br\/noticias\/wp-json\/wp\/v2\/posts\/26080\/revisions"}],"predecessor-version":[{"id":26083,"href":"https:\/\/www.esportesbrasilia.com.br\/noticias\/wp-json\/wp\/v2\/posts\/26080\/revisions\/26083"}],"wp:featuredmedia":[{"embeddable":true,"href":"https:\/\/www.esportesbrasilia.com.br\/noticias\/wp-json\/wp\/v2\/media\/26081"}],"wp:attachment":[{"href":"https:\/\/www.esportesbrasilia.com.br\/noticias\/wp-json\/wp\/v2\/media?parent=26080"}],"wp:term":[{"taxonomy":"category","embeddable":true,"href":"https:\/\/www.esportesbrasilia.com.br\/noticias\/wp-json\/wp\/v2\/categories?post=26080"},{"taxonomy":"post_tag","embeddable":true,"href":"https:\/\/www.esportesbrasilia.com.br\/noticias\/wp-json\/wp\/v2\/tags?post=26080"}],"curies":[{"name":"wp","href":"https:\/\/api.w.org\/{rel}","templated":true}]}}