{"id":26032,"date":"2024-06-10T14:47:49","date_gmt":"2024-06-10T17:47:49","guid":{"rendered":"https:\/\/www.esportesbrasilia.com.br\/noticias\/?p=26032"},"modified":"2024-06-10T14:54:10","modified_gmt":"2024-06-10T17:54:10","slug":"brasiliense-joga-mal-mas-vence-ipora-e-fecha-turno-em-primeiro","status":"publish","type":"post","link":"https:\/\/www.esportesbrasilia.com.br\/noticias\/futebol\/brasiliense-joga-mal-mas-vence-ipora-e-fecha-turno-em-primeiro.html","title":{"rendered":"Brasiliense joga mal, mas vence Ipor\u00e1 e fecha turno em primeiro"},"content":{"rendered":"\n<p><br>Foto: Breno Esaki\/Metr\u00f3poles&nbsp;<\/p>\n\n\n\n<p>Brasiliense venceu o Ipor\u00e1\/GO por 1 a 0, neste domingo, no est\u00e1dio Serej\u00e3o, e ficou com a melhor campanha do primeiro turno do grupo A5 da S\u00e9rie D.<\/p>\n\n\n\n<p>O Jacar\u00e9 conquistou sua 5\u00aa vit\u00f3ria na competi\u00e7\u00e3o e alcan\u00e7ou 16 pontos no grupo. \u00c9 a quarta melhor campanha da S\u00e9rie D, se considerarmos todos os grupos da competi\u00e7\u00e3o.<\/p>\n\n\n\n<p>Mesmo com os n\u00fameros positivos, o futebol desempenhado pela equipe comandada por Lu\u00eds Carlos Winck no confronto contra o Ipor\u00e1 n\u00e3o foi nada convincente.<\/p>\n\n\n\n<p><strong>O jogo<\/strong><\/p>\n\n\n\n<p>O jogo teve pouqu\u00edssimas oportunidades, com os dois times com escassa criatividade para concluir em gol. Enquanto o Ipor\u00e1 buscava jogar no contra-ataque, tendo em vista os desfalques, o Brasiliense apostava todas as fichas em Jo\u00e3ozinho, destaque da partida pelo lado do Jacar\u00e9.<\/p>\n\n\n\n<p>Foi por onde o camisa 11 jogava que ocorreram as principais chances de gol do Jacar\u00e9 no primeiro tempo. Em uma delas, aos 9 minutos, Jo\u00e3ozinho conseguiu furar a barreira do Ipor\u00e1 com uma jogada individual, mas chutou forte e para cima do gol de Luis Felype.<\/p>\n\n\n\n<p>O time treinado por Kiko Ara\u00fajo, al\u00e9m de optar jogar no contra-ataque, apostou as fichas em eventuais jogadas de bola parada. Em duas ocasi\u00f5es, no primeiro tempo, o lateral-esquerdo da equipe goiana, Danillo Ribeiro, colocou duas bolas no travess\u00e3o ap\u00f3s cobran\u00e7as de escanteios, aos 13 e aos 44 da primeira etapa.<\/p>\n\n\n\n<p><strong>Segundo tempo<\/strong><\/p>\n\n\n\n<p>J\u00e1 no segundo tempo, o esporte chamado futebol n\u00e3o foi t\u00e3o valorizado pelas duas equipes. O Brasiliense, mesmo com algumas modifica\u00e7\u00f5es, n\u00e3o apresentou nada convincente, o que deixou a torcida presente na Boca do Jacar\u00e9 bastante impaciente. J\u00e1 o Ipor\u00e1, que havia somente 4 jogadores de linha no banco de reservas, esperava o Jacar\u00e9 para, se poss\u00edvel, contra-atacar e trazer perigo \u00e0 meta do goleiro Wagner.<\/p>\n\n\n\n<p>Em uma das raras oportunidades de gol do Jacar\u00e9, aos 18, Tobinha conseguiu driblar o marcador advers\u00e1rio e, numa tentativa de cruzar na \u00e1rea, acabou chutando para o gol advers\u00e1rio. A bola explodiu no travess\u00e3o.<\/p>\n\n\n\n<p>Aos 28, Jo\u00e3o Santos, em uma cobran\u00e7a de falta pr\u00f3ximo ao gol do Ipor\u00e1, chutou a bola que, novamente, explodiu no travess\u00e3o.<\/p>\n\n\n\n<p>O gol s\u00f3 foi sair ao fim do jogo, numa jogada confusa dentro da \u00e1rea do time goiano. Aos 42 do segundo tempo, ap\u00f3s cobran\u00e7a lateral de Netinho, Tobinha aproveitou a sobra, ap\u00f3s disputa de Matheus Batista com a defesa advers\u00e1ria, e cabeceou para o gol, marcando para o Brasiliense.<\/p>\n\n\n\n<p>Na pr\u00f3xima rodada, o Brasiliense visita o pr\u00f3prio Ipor\u00e1, em Ipor\u00e1\/GO. A partida acontece na quarta-feira (12), \u00e0s 15h, no Francisco Ferreira, o Ferreir\u00e3o.<\/p>\n\n\n\n<p><strong>Brasiliense<\/strong><br>Wagner; Caetano (Netinho), Igor Morais, Renan Dutra e PH (M\u00e1rcio Duarte); Aldo, Kaio Nunes e Nen\u00ea Bonilha; Gui Mendes (Tobinha), Jo\u00e3ozinho (Jo\u00e3o santos) e Gabriel Pedra (Matheus Batista)<br>T\u00e9cnico: Lu\u00eds Carlos Winck<\/p>\n\n\n\n<p><strong>Ipor\u00e1\/GO<\/strong><br>Luis Felype; Daniel Mendon\u00e7a, Lucas Barboza, Ded\u00e9 e Danillo Ribeiro; Bosco, Adriel e Auecione Filho (Felipe); Kenedy, Pedro Ac\u00e1cio (Carlos Eduardo) e Du Gaia (Diogo Tocantins).<br>T\u00e9cnico: Kiko Ara\u00fajo<\/p>\n\n\n\n<p><\/p>\n","protected":false},"excerpt":{"rendered":"<p>Foto: Breno Esaki\/Metr\u00f3poles&nbsp; Brasiliense venceu o Ipor\u00e1\/GO por 1 a 0, neste domingo, no est\u00e1dio Serej\u00e3o, e ficou com a melhor campanha do primeiro turno do grupo A5 da S\u00e9rie D. O Jacar\u00e9 conquistou sua 5\u00aa vit\u00f3ria na competi\u00e7\u00e3o e alcan\u00e7ou 16 pontos no grupo. \u00c9 a quarta melhor campanha da S\u00e9rie D, se considerarmos [&hellip;]<\/p>\n","protected":false},"author":55,"featured_media":26040,"comment_status":"closed","ping_status":"closed","sticky":false,"template":"","format":"standard","meta":{"footnotes":""},"categories":[8],"tags":[34,62],"class_list":["post-26032","post","type-post","status-publish","format-standard","has-post-thumbnail","hentry","category-futebol","tag-brasiliense","tag-serie-d"],"_links":{"self":[{"href":"https:\/\/www.esportesbrasilia.com.br\/noticias\/wp-json\/wp\/v2\/posts\/26032","targetHints":{"allow":["GET"]}}],"collection":[{"href":"https:\/\/www.esportesbrasilia.com.br\/noticias\/wp-json\/wp\/v2\/posts"}],"about":[{"href":"https:\/\/www.esportesbrasilia.com.br\/noticias\/wp-json\/wp\/v2\/types\/post"}],"author":[{"embeddable":true,"href":"https:\/\/www.esportesbrasilia.com.br\/noticias\/wp-json\/wp\/v2\/users\/55"}],"replies":[{"embeddable":true,"href":"https:\/\/www.esportesbrasilia.com.br\/noticias\/wp-json\/wp\/v2\/comments?post=26032"}],"version-history":[{"count":6,"href":"https:\/\/www.esportesbrasilia.com.br\/noticias\/wp-json\/wp\/v2\/posts\/26032\/revisions"}],"predecessor-version":[{"id":26042,"href":"https:\/\/www.esportesbrasilia.com.br\/noticias\/wp-json\/wp\/v2\/posts\/26032\/revisions\/26042"}],"wp:featuredmedia":[{"embeddable":true,"href":"https:\/\/www.esportesbrasilia.com.br\/noticias\/wp-json\/wp\/v2\/media\/26040"}],"wp:attachment":[{"href":"https:\/\/www.esportesbrasilia.com.br\/noticias\/wp-json\/wp\/v2\/media?parent=26032"}],"wp:term":[{"taxonomy":"category","embeddable":true,"href":"https:\/\/www.esportesbrasilia.com.br\/noticias\/wp-json\/wp\/v2\/categories?post=26032"},{"taxonomy":"post_tag","embeddable":true,"href":"https:\/\/www.esportesbrasilia.com.br\/noticias\/wp-json\/wp\/v2\/tags?post=26032"}],"curies":[{"name":"wp","href":"https:\/\/api.w.org\/{rel}","templated":true}]}}