{"id":26007,"date":"2024-06-04T10:03:50","date_gmt":"2024-06-04T13:03:50","guid":{"rendered":"https:\/\/www.esportesbrasilia.com.br\/noticias\/?p=26007"},"modified":"2024-06-04T10:12:11","modified_gmt":"2024-06-04T13:12:11","slug":"sem-vencer-na-serie-d-marcelo-caranhato-deixa-real-brasilia","status":"publish","type":"post","link":"https:\/\/www.esportesbrasilia.com.br\/noticias\/futebol\/sem-vencer-na-serie-d-marcelo-caranhato-deixa-real-brasilia.html","title":{"rendered":"Sem vencer na s\u00e9rie D, Marcelo Caranhato deixa Real Bras\u00edlia"},"content":{"rendered":"\n<p>Chegou ao fim a passagem do t\u00e9cnico Marcelo Caranhato pelo Real Bras\u00edlia. Depois de seis derrotas e problemas de sal\u00e1rios atrasados, o treinador se reuniu com a diretoria do clube e negociou a sa\u00edda do time.<\/p>\n\n\n\n<p>Em uma declara\u00e7\u00e3o nas redes sociais, Marcelo agradeceu o clube e diz que ficar\u00e1 na torcida. &#8220;Fica minha gratid\u00e3o, meu agradecimento a todos os funcion\u00e1rios, a todo pessoal do staff, que n\u00e3o mediram esfor\u00e7os para que a gente pudesse realizar o melhor trabalho poss\u00edvel. Obrigado pelo carinho e ficarei aqui na torcida. Agora, sigo em busca de novos desafios&#8221;, disse o treinador.<\/p>\n\n\n\n<p>Marcelo tamb\u00e9m explicou que a sa\u00edda dele aconteceu na semana passada, ap\u00f3s cumprir suspens\u00e3o por ter sido expulso na quarta rodada do Brasileir\u00e3o s\u00e9rie D.<\/p>\n\n\n\n<p>&#8220;Isso aconteceu na ter\u00e7a-feira passada, dia 27, quando conversei com o presidente e o diretor do clube. Naquele momento, a gente optou pela sa\u00edda&#8221;, completou.<\/p>\n\n\n\n<p>Na pr\u00f3xima rodada, o Real Bras\u00edlia, que ainda n\u00e3o informou quem ser\u00e1 o t\u00e9cnico, enfrenta o CRAC\/GO, no est\u00e1dio Genervino da Fonseca.<\/p>\n","protected":false},"excerpt":{"rendered":"<p>Chegou ao fim a passagem do t\u00e9cnico Marcelo Caranhato pelo Real Bras\u00edlia. Depois de seis derrotas e problemas de sal\u00e1rios atrasados, o treinador se reuniu com a diretoria do clube e negociou a sa\u00edda do time. Em uma declara\u00e7\u00e3o nas redes sociais, Marcelo agradeceu o clube e diz que ficar\u00e1 na torcida. &#8220;Fica minha gratid\u00e3o, [&hellip;]<\/p>\n","protected":false},"author":2,"featured_media":13614,"comment_status":"closed","ping_status":"closed","sticky":false,"template":"","format":"standard","meta":{"footnotes":""},"categories":[8],"tags":[],"class_list":["post-26007","post","type-post","status-publish","format-standard","has-post-thumbnail","hentry","category-futebol"],"_links":{"self":[{"href":"https:\/\/www.esportesbrasilia.com.br\/noticias\/wp-json\/wp\/v2\/posts\/26007","targetHints":{"allow":["GET"]}}],"collection":[{"href":"https:\/\/www.esportesbrasilia.com.br\/noticias\/wp-json\/wp\/v2\/posts"}],"about":[{"href":"https:\/\/www.esportesbrasilia.com.br\/noticias\/wp-json\/wp\/v2\/types\/post"}],"author":[{"embeddable":true,"href":"https:\/\/www.esportesbrasilia.com.br\/noticias\/wp-json\/wp\/v2\/users\/2"}],"replies":[{"embeddable":true,"href":"https:\/\/www.esportesbrasilia.com.br\/noticias\/wp-json\/wp\/v2\/comments?post=26007"}],"version-history":[{"count":2,"href":"https:\/\/www.esportesbrasilia.com.br\/noticias\/wp-json\/wp\/v2\/posts\/26007\/revisions"}],"predecessor-version":[{"id":26010,"href":"https:\/\/www.esportesbrasilia.com.br\/noticias\/wp-json\/wp\/v2\/posts\/26007\/revisions\/26010"}],"wp:featuredmedia":[{"embeddable":true,"href":"https:\/\/www.esportesbrasilia.com.br\/noticias\/wp-json\/wp\/v2\/media\/13614"}],"wp:attachment":[{"href":"https:\/\/www.esportesbrasilia.com.br\/noticias\/wp-json\/wp\/v2\/media?parent=26007"}],"wp:term":[{"taxonomy":"category","embeddable":true,"href":"https:\/\/www.esportesbrasilia.com.br\/noticias\/wp-json\/wp\/v2\/categories?post=26007"},{"taxonomy":"post_tag","embeddable":true,"href":"https:\/\/www.esportesbrasilia.com.br\/noticias\/wp-json\/wp\/v2\/tags?post=26007"}],"curies":[{"name":"wp","href":"https:\/\/api.w.org\/{rel}","templated":true}]}}