{"id":25978,"date":"2024-05-24T19:59:51","date_gmt":"2024-05-24T22:59:51","guid":{"rendered":"https:\/\/www.esportesbrasilia.com.br\/noticias\/?p=25978"},"modified":"2024-05-24T19:59:51","modified_gmt":"2024-05-24T22:59:51","slug":"destaque-de-time-portorriquenho-e-a-nova-contratada-do-brasilia-volei","status":"publish","type":"post","link":"https:\/\/www.esportesbrasilia.com.br\/noticias\/volei\/destaque-de-time-portorriquenho-e-a-nova-contratada-do-brasilia-volei.html","title":{"rendered":"Destaque de time portorriquenho \u00e9 a nova contratada do Bras\u00edlia V\u00f4lei"},"content":{"rendered":"\n<p>O Bras\u00edlia V\u00f4lei come\u00e7a a se movimentar para as disputas da Superliga Feminina 2024\/2025. A equipe anunciou, nesta sexta-feira (24), a contrata\u00e7\u00e3o da levantadora Nicole.<\/p>\n\n\n\n<p>Nicole Drewnick tem 22 anos, 1.86m de altura e \u00e9 levantadora. Estava no Atenienses de Manat\u00ed, de Porto Rico e vem para o Brasil de olho num melhor desempenho do Bras\u00edlia V\u00f4lei na pr\u00f3xima temporada.<\/p>\n\n\n\n<p>&#8220;Estou animada para esta temporada&#8221;, disse Nicole, pelas redes sociais do clube. Al\u00e9m de Nicole, quem tamb\u00e9m chegou ao Bras\u00edlia foi a levantadora Marina Sioto, de 24 anos, que estava no Abel Moda V\u00f4lei, de Brusque\/SC, e a ponteira Geovanna, de 21 anos, que estava no Blumenau V\u00f4lei.<\/p>\n\n\n\n<p>A equipe tamb\u00e9m anunciou a renova\u00e7\u00e3o de contrato da l\u00edbero Vit\u00f3ria, das ponteiras Ana Medina e Naiara, da central Marina e da oposta La\u00edza.<\/p>\n","protected":false},"excerpt":{"rendered":"<p>O Bras\u00edlia V\u00f4lei come\u00e7a a se movimentar para as disputas da Superliga Feminina 2024\/2025. A equipe anunciou, nesta sexta-feira (24), a contrata\u00e7\u00e3o da levantadora Nicole. Nicole Drewnick tem 22 anos, 1.86m de altura e \u00e9 levantadora. Estava no Atenienses de Manat\u00ed, de Porto Rico e vem para o Brasil de olho num melhor desempenho do [&hellip;]<\/p>\n","protected":false},"author":2,"featured_media":25979,"comment_status":"closed","ping_status":"closed","sticky":false,"template":"","format":"standard","meta":{"footnotes":""},"categories":[11],"tags":[],"class_list":["post-25978","post","type-post","status-publish","format-standard","has-post-thumbnail","hentry","category-volei"],"_links":{"self":[{"href":"https:\/\/www.esportesbrasilia.com.br\/noticias\/wp-json\/wp\/v2\/posts\/25978","targetHints":{"allow":["GET"]}}],"collection":[{"href":"https:\/\/www.esportesbrasilia.com.br\/noticias\/wp-json\/wp\/v2\/posts"}],"about":[{"href":"https:\/\/www.esportesbrasilia.com.br\/noticias\/wp-json\/wp\/v2\/types\/post"}],"author":[{"embeddable":true,"href":"https:\/\/www.esportesbrasilia.com.br\/noticias\/wp-json\/wp\/v2\/users\/2"}],"replies":[{"embeddable":true,"href":"https:\/\/www.esportesbrasilia.com.br\/noticias\/wp-json\/wp\/v2\/comments?post=25978"}],"version-history":[{"count":1,"href":"https:\/\/www.esportesbrasilia.com.br\/noticias\/wp-json\/wp\/v2\/posts\/25978\/revisions"}],"predecessor-version":[{"id":25980,"href":"https:\/\/www.esportesbrasilia.com.br\/noticias\/wp-json\/wp\/v2\/posts\/25978\/revisions\/25980"}],"wp:featuredmedia":[{"embeddable":true,"href":"https:\/\/www.esportesbrasilia.com.br\/noticias\/wp-json\/wp\/v2\/media\/25979"}],"wp:attachment":[{"href":"https:\/\/www.esportesbrasilia.com.br\/noticias\/wp-json\/wp\/v2\/media?parent=25978"}],"wp:term":[{"taxonomy":"category","embeddable":true,"href":"https:\/\/www.esportesbrasilia.com.br\/noticias\/wp-json\/wp\/v2\/categories?post=25978"},{"taxonomy":"post_tag","embeddable":true,"href":"https:\/\/www.esportesbrasilia.com.br\/noticias\/wp-json\/wp\/v2\/tags?post=25978"}],"curies":[{"name":"wp","href":"https:\/\/api.w.org\/{rel}","templated":true}]}}