{"id":25954,"date":"2024-05-13T12:38:00","date_gmt":"2024-05-13T15:38:00","guid":{"rendered":"https:\/\/www.esportesbrasilia.com.br\/noticias\/?p=25954"},"modified":"2024-05-15T22:21:56","modified_gmt":"2024-05-16T01:21:56","slug":"apos-saida-inusitada-de-treinador-brasiliense-anuncia-idolo-do-vasco-como-tecnico","status":"publish","type":"post","link":"https:\/\/www.esportesbrasilia.com.br\/noticias\/futebol\/apos-saida-inusitada-de-treinador-brasiliense-anuncia-idolo-do-vasco-como-tecnico.html","title":{"rendered":"Ap\u00f3s sa\u00edda inusitada de treinador, Brasiliense anuncia \u00eddolo do Vasco como t\u00e9cnico"},"content":{"rendered":"\n<p><strong>Foto: Lu\u00e3 Tomassom\/Brasiliense FC<\/strong><\/p>\n\n\n\n<p>O Brasiliense j\u00e1 tem um novo nome para treinar o time ap\u00f3s a sa\u00edda de Paulo Roberto dos Santos, na vit\u00f3ria por 2&#215;1 frente ao Real Bras\u00edlia, no est\u00e1dio Ciro Machado. Quem colocou o bon\u00e9 de t\u00e9cnico na cabe\u00e7a \u00e9 um grande conhecido do torcedor vasca\u00edno.<\/p>\n\n\n\n<p>Trata-se do ex-jogador Luiz Carlos Winck, de 61 anos, que foi treinador, nos \u00faltimos quatro anos do An\u00e1polis\/GO. Winck j\u00e1 enfrentou o Brasiliense neste ano, na estreia do Galo Carij\u00f3 no Brasileir\u00e3o S\u00e9rie D, onde acabou derrotado por 1&#215;0 para o Jacar\u00e9.<\/p>\n\n\n\n<p>Winck chega para ser apresentado no Brasiliense nesta ter\u00e7a-feira (14) e deixa o An\u00e1polis com 86 jogos disputados no total, obtendo um aproveitamento de 49,1% s\u00f3 em 2024.<\/p>\n\n\n\n<p>O primeiro desafio de Luiz Carlos no comando do Jacar\u00e9 ser\u00e1 no pr\u00f3ximo domingo (19), quando o Brasiliense recebe o Mixto\/MT no est\u00e1dio Serej\u00e3o, em Taguatinga, \u00e0s 15h30, com transmiss\u00e3o da <strong>Esportes Bras\u00edlia<\/strong>.<\/p>\n","protected":false},"excerpt":{"rendered":"<p>Foto: Lu\u00e3 Tomassom\/Brasiliense FC O Brasiliense j\u00e1 tem um novo nome para treinar o time ap\u00f3s a sa\u00edda de Paulo Roberto dos Santos, na vit\u00f3ria por 2&#215;1 frente ao Real Bras\u00edlia, no est\u00e1dio Ciro Machado. Quem colocou o bon\u00e9 de t\u00e9cnico na cabe\u00e7a \u00e9 um grande conhecido do torcedor vasca\u00edno. Trata-se do ex-jogador Luiz Carlos [&hellip;]<\/p>\n","protected":false},"author":2,"featured_media":25955,"comment_status":"closed","ping_status":"closed","sticky":false,"template":"","format":"standard","meta":{"footnotes":""},"categories":[8],"tags":[34,1355,1354,1356],"class_list":["post-25954","post","type-post","status-publish","format-standard","has-post-thumbnail","hentry","category-futebol","tag-brasiliense","tag-luiz-carlos-winck","tag-paulo-roberto","tag-winck"],"_links":{"self":[{"href":"https:\/\/www.esportesbrasilia.com.br\/noticias\/wp-json\/wp\/v2\/posts\/25954","targetHints":{"allow":["GET"]}}],"collection":[{"href":"https:\/\/www.esportesbrasilia.com.br\/noticias\/wp-json\/wp\/v2\/posts"}],"about":[{"href":"https:\/\/www.esportesbrasilia.com.br\/noticias\/wp-json\/wp\/v2\/types\/post"}],"author":[{"embeddable":true,"href":"https:\/\/www.esportesbrasilia.com.br\/noticias\/wp-json\/wp\/v2\/users\/2"}],"replies":[{"embeddable":true,"href":"https:\/\/www.esportesbrasilia.com.br\/noticias\/wp-json\/wp\/v2\/comments?post=25954"}],"version-history":[{"count":1,"href":"https:\/\/www.esportesbrasilia.com.br\/noticias\/wp-json\/wp\/v2\/posts\/25954\/revisions"}],"predecessor-version":[{"id":25956,"href":"https:\/\/www.esportesbrasilia.com.br\/noticias\/wp-json\/wp\/v2\/posts\/25954\/revisions\/25956"}],"wp:featuredmedia":[{"embeddable":true,"href":"https:\/\/www.esportesbrasilia.com.br\/noticias\/wp-json\/wp\/v2\/media\/25955"}],"wp:attachment":[{"href":"https:\/\/www.esportesbrasilia.com.br\/noticias\/wp-json\/wp\/v2\/media?parent=25954"}],"wp:term":[{"taxonomy":"category","embeddable":true,"href":"https:\/\/www.esportesbrasilia.com.br\/noticias\/wp-json\/wp\/v2\/categories?post=25954"},{"taxonomy":"post_tag","embeddable":true,"href":"https:\/\/www.esportesbrasilia.com.br\/noticias\/wp-json\/wp\/v2\/tags?post=25954"}],"curies":[{"name":"wp","href":"https:\/\/api.w.org\/{rel}","templated":true}]}}