{"id":25943,"date":"2024-05-13T14:17:34","date_gmt":"2024-05-13T17:17:34","guid":{"rendered":"https:\/\/www.esportesbrasilia.com.br\/noticias\/?p=25943"},"modified":"2024-05-24T20:01:01","modified_gmt":"2024-05-24T23:01:01","slug":"eu-devo-ser-um-filho-da-p","status":"publish","type":"post","link":"https:\/\/www.esportesbrasilia.com.br\/noticias\/colunas\/notatico\/eu-devo-ser-um-filho-da-p.html","title":{"rendered":"Eu devo ser um filho da p&#8230;"},"content":{"rendered":"\n<p>Que minha m\u00e3e me perdoe. Afinal uma ofensa desse n\u00edvel \u00e9 maior do que a um pr\u00f3prio, de t\u00e3o sagrada que uma m\u00e3e \u00e9. Uma ofensa proporcional ao que fizeram ontem Real Bras\u00edlia e Brasiliense no Defel\u00ea, em pleno Dia das M\u00e3es, que ofendeu at\u00e9 a pqp.<\/p>\n\n\n\n<p>N\u00e3o me desce hoje &#8211; e acredito que at\u00e9 o fim desse ano &#8211; o jeito como o Distrito Federal descarta esta temporada. O jeito em que a tudo se assiste nas entrelinhas, sequer falando do anti-futebol praticado dentro de campo, \u00e9 completamente repulsivo. \u00c9 a li\u00e7\u00e3o de uma cr\u00f4nica suicida para um lugar que, pasmem, j\u00e1 foi campe\u00e3o nacional em algumas oportunidades.<\/p>\n\n\n\n<p>De um lado, um catado daqueles desordenados que nem na v\u00e1rzea mais se v\u00ea. E, para uma surpresa geral, o homem mais s\u00e9rio no conturbado presente do clube da Vila Planalto foi o l\u00edder da cena de pastel\u00e3o que se viu em flagrante. Negar-se a sair da casamata depois de um cart\u00e3o vermelho (independentemente de sua justi\u00e7a ou o contr\u00e1rio) n\u00e3o era o esperado por parte do profissional que \u00e9 o Marcelo Caranhato, em um ato que assinou a derrota leonina.<\/p>\n\n\n\n<p>Isto com o b\u00f4nus de uma &#8220;autoriza\u00e7\u00e3o&#8221; de fala aos jogadores, mascarando a &#8220;lei da morda\u00e7a&#8221; em meio aos sal\u00e1rios atrasados. E nem assim o rival p\u00f4de vencer em condi\u00e7\u00f5es normais. O Real Bras\u00edlia n\u00e3o far\u00e1 falta nenhuma ao ser um dos primeiros, se n\u00e3o for o primeiro dos tais, eliminados na primeira e decadente fase da S\u00e9rie D nacional. Isto se tiver sorte de minguados pontos at\u00e9 l\u00e1.<\/p>\n\n\n\n<p>Do outro, a linha t\u00eanue entre com\u00e9dia e trag\u00e9dia, que at\u00e9 ao Dante Alighieri revoltaria. Isso \u00e9 o Brasiliense, n\u00e3o de hoje: faz meme e oba-oba com uma comiss\u00e3o demitida no vesti\u00e1rio e um m\u00e9dico que faz o time vencer com gols do &#8220;refor\u00e7o&#8221; Kaio Nunes. Que pra completar a anedota ainda cumpre a lei do ex.<\/p>\n\n\n\n<p>Para piorar, a confian\u00e7a agora fica a cargo do ex-An\u00e1polis Luiz Carlos Winck. Gente, fala s\u00e9rio! Onde um t\u00e9cnico que fracassou no pat\u00e9tico time do An\u00e1polis vai dar certo no Brasiliense? Ainda mais com as tantas coincid\u00eancias na forma de jogar e na baixa competitividade entre os dois? Este time faz por n\u00e3o merecer um calend\u00e1rio. E, quando eliminado, se ir\u00e1 tarde. Muito tarde.<\/p>\n\n\n\n<p>Por \u00faltimo, e mais importante do que a inexpress\u00e3o dos dois clubes, volto a pontuar que, dessa maneira, n\u00e3o surpreenderia que a CBF tirasse uma vaga do DF pela pouca contribui\u00e7\u00e3o na qualidade esportiva. Assim, volto a agradecer ironicamente ao Real e ao Brasiliense pelo presente. Que se entenda presente a atualidade e n\u00e3o um regalo que se d\u00e1 a algu\u00e9m.<\/p>\n\n\n\n<p>Eu devo ser mesmo isso do t\u00edtulo, mas n\u00e3o mais quem est\u00e1 diretamente envolvido na atual desgra\u00e7a que \u00e9 o futebol de Bras\u00edlia aos olhos de todo um pa\u00eds. Esta \u00e9 a capital da bola murcha, que me tem de saco cheio.<\/p>\n","protected":false},"excerpt":{"rendered":"<p>Que minha m\u00e3e me perdoe. Afinal uma ofensa desse n\u00edvel \u00e9 maior do que a um pr\u00f3prio, de t\u00e3o sagrada que uma m\u00e3e \u00e9. Uma ofensa proporcional ao que fizeram ontem Real Bras\u00edlia e Brasiliense no Defel\u00ea, em pleno Dia das M\u00e3es, que ofendeu at\u00e9 a pqp. N\u00e3o me desce hoje &#8211; e acredito que [&hellip;]<\/p>\n","protected":false},"author":54,"featured_media":23087,"comment_status":"closed","ping_status":"closed","sticky":false,"template":"","format":"standard","meta":{"footnotes":""},"categories":[1029],"tags":[],"class_list":["post-25943","post","type-post","status-publish","format-standard","has-post-thumbnail","hentry","category-notatico"],"_links":{"self":[{"href":"https:\/\/www.esportesbrasilia.com.br\/noticias\/wp-json\/wp\/v2\/posts\/25943","targetHints":{"allow":["GET"]}}],"collection":[{"href":"https:\/\/www.esportesbrasilia.com.br\/noticias\/wp-json\/wp\/v2\/posts"}],"about":[{"href":"https:\/\/www.esportesbrasilia.com.br\/noticias\/wp-json\/wp\/v2\/types\/post"}],"author":[{"embeddable":true,"href":"https:\/\/www.esportesbrasilia.com.br\/noticias\/wp-json\/wp\/v2\/users\/54"}],"replies":[{"embeddable":true,"href":"https:\/\/www.esportesbrasilia.com.br\/noticias\/wp-json\/wp\/v2\/comments?post=25943"}],"version-history":[{"count":4,"href":"https:\/\/www.esportesbrasilia.com.br\/noticias\/wp-json\/wp\/v2\/posts\/25943\/revisions"}],"predecessor-version":[{"id":25949,"href":"https:\/\/www.esportesbrasilia.com.br\/noticias\/wp-json\/wp\/v2\/posts\/25943\/revisions\/25949"}],"wp:featuredmedia":[{"embeddable":true,"href":"https:\/\/www.esportesbrasilia.com.br\/noticias\/wp-json\/wp\/v2\/media\/23087"}],"wp:attachment":[{"href":"https:\/\/www.esportesbrasilia.com.br\/noticias\/wp-json\/wp\/v2\/media?parent=25943"}],"wp:term":[{"taxonomy":"category","embeddable":true,"href":"https:\/\/www.esportesbrasilia.com.br\/noticias\/wp-json\/wp\/v2\/categories?post=25943"},{"taxonomy":"post_tag","embeddable":true,"href":"https:\/\/www.esportesbrasilia.com.br\/noticias\/wp-json\/wp\/v2\/tags?post=25943"}],"curies":[{"name":"wp","href":"https:\/\/api.w.org\/{rel}","templated":true}]}}