{"id":25934,"date":"2024-05-06T15:12:07","date_gmt":"2024-05-06T18:12:07","guid":{"rendered":"https:\/\/www.esportesbrasilia.com.br\/noticias\/?p=25934"},"modified":"2024-05-06T15:12:08","modified_gmt":"2024-05-06T18:12:08","slug":"confira-como-foi-a-1a-rodada-do-candangao-sub-20","status":"publish","type":"post","link":"https:\/\/www.esportesbrasilia.com.br\/noticias\/futebol\/confira-como-foi-a-1a-rodada-do-candangao-sub-20.html","title":{"rendered":"Confira como foi a 1\u00aa rodada do Candang\u00e3o Sub-20"},"content":{"rendered":"\n<p>No \u00faltimo final de semana foi dada a largada pela vaga na Copinha S\u00e3o Paulo. Dezesseis times disputam o Candang\u00e3o Sub-20, que teve in\u00edcio no s\u00e1bado (4\/05).<\/p>\n\n\n\n<p>No Grupo &#8220;A&#8221;, Capital, Botafogo-DF e Gama somam tr\u00eas pontos. J\u00e1 no Grupo &#8220;B&#8221;, Brasiliense, Cana\u00e3 e Luzi\u00e2nia somam tr\u00eas. <\/p>\n\n\n\n<p>L\u00edder do grupo \u201cA\u201d, o Capital aplicou uma goleada de 8 a 0 diante do Ceil\u00e2ndense e com isso assumiu a lideran\u00e7a pelo saldo de gols. O botafogo assume a vice-lideran\u00e7a ap\u00f3s vencer por 3&#215;0 o Ceil\u00e2ndia. E por fim o Gama em terceira posi\u00e7\u00e3o depois de ter vencido o Parano\u00e1 pelo placar de 2&#215;1.  Em partida adiada para quarta-feira (8\/05), Real Bras\u00edlia e SESP terminam de definir o grupo.<\/p>\n\n\n\n<p>No grupo &#8220;B&#8221;, o Brasiliense assume a lideran\u00e7a ap\u00f3s vencer de WO o Una\u00ed &#8211; que desistiu do campeonato na \u00faltima semana &#8211; , em seguida vem o Cana\u00e3 que bateu o Samambaia por 3&#215;1 e o terceiro colocado tem o Luzi\u00e2nia que saiu com a virada diante do Legi\u00e3o (2&#215;1). Ap\u00f3s um surto de dengue no elenco do Planaltina, a partida contra o Greval s\u00f3 acontecer\u00e1 no dia 29 &#8211; por isso as equipes ainda n\u00e3o pontuaram.<\/p>\n\n\n\n<p><strong>Confira abaixo os resultados da 31\u00aa rodada do Campeonato Candango Sub-20<\/strong><\/p>\n\n\n\n<p><strong>S\u00e1bado<\/strong><\/p>\n\n\n\n<p>Botafogo 3\u00d70 Ceil\u00e2ndia<\/p>\n\n\n\n<p>Cana\u00e3 3\u00d71 Samambaia<\/p>\n\n\n\n<p>Una\u00ed 0\u00d73 Brasiliense (WO)<\/p>\n\n\n\n<p>Gama 2\u00d71 Parano\u00e1<\/p>\n\n\n\n<p><strong>Domingo<\/strong><\/p>\n\n\n\n<p>Ceilandense 0\u00d78 Capital<\/p>\n\n\n\n<p>Legi\u00e3o 1\u00d72 Luzi\u00e2nia<\/p>\n","protected":false},"excerpt":{"rendered":"<p>No \u00faltimo final de semana foi dada a largada pela vaga na Copinha S\u00e3o Paulo. Dezesseis times disputam o Candang\u00e3o Sub-20, que teve in\u00edcio no s\u00e1bado (4\/05). No Grupo &#8220;A&#8221;, Capital, Botafogo-DF e Gama somam tr\u00eas pontos. J\u00e1 no Grupo &#8220;B&#8221;, Brasiliense, Cana\u00e3 e Luzi\u00e2nia somam tr\u00eas. L\u00edder do grupo \u201cA\u201d, o Capital aplicou uma [&hellip;]<\/p>\n","protected":false},"author":53,"featured_media":25731,"comment_status":"closed","ping_status":"closed","sticky":false,"template":"","format":"standard","meta":{"footnotes":""},"categories":[8],"tags":[450,1309],"class_list":["post-25934","post","type-post","status-publish","format-standard","has-post-thumbnail","hentry","category-futebol","tag-candanguinho","tag-sub-20"],"_links":{"self":[{"href":"https:\/\/www.esportesbrasilia.com.br\/noticias\/wp-json\/wp\/v2\/posts\/25934","targetHints":{"allow":["GET"]}}],"collection":[{"href":"https:\/\/www.esportesbrasilia.com.br\/noticias\/wp-json\/wp\/v2\/posts"}],"about":[{"href":"https:\/\/www.esportesbrasilia.com.br\/noticias\/wp-json\/wp\/v2\/types\/post"}],"author":[{"embeddable":true,"href":"https:\/\/www.esportesbrasilia.com.br\/noticias\/wp-json\/wp\/v2\/users\/53"}],"replies":[{"embeddable":true,"href":"https:\/\/www.esportesbrasilia.com.br\/noticias\/wp-json\/wp\/v2\/comments?post=25934"}],"version-history":[{"count":1,"href":"https:\/\/www.esportesbrasilia.com.br\/noticias\/wp-json\/wp\/v2\/posts\/25934\/revisions"}],"predecessor-version":[{"id":25935,"href":"https:\/\/www.esportesbrasilia.com.br\/noticias\/wp-json\/wp\/v2\/posts\/25934\/revisions\/25935"}],"wp:featuredmedia":[{"embeddable":true,"href":"https:\/\/www.esportesbrasilia.com.br\/noticias\/wp-json\/wp\/v2\/media\/25731"}],"wp:attachment":[{"href":"https:\/\/www.esportesbrasilia.com.br\/noticias\/wp-json\/wp\/v2\/media?parent=25934"}],"wp:term":[{"taxonomy":"category","embeddable":true,"href":"https:\/\/www.esportesbrasilia.com.br\/noticias\/wp-json\/wp\/v2\/categories?post=25934"},{"taxonomy":"post_tag","embeddable":true,"href":"https:\/\/www.esportesbrasilia.com.br\/noticias\/wp-json\/wp\/v2\/tags?post=25934"}],"curies":[{"name":"wp","href":"https:\/\/api.w.org\/{rel}","templated":true}]}}