{"id":25931,"date":"2024-05-06T11:01:04","date_gmt":"2024-05-06T14:01:04","guid":{"rendered":"https:\/\/www.esportesbrasilia.com.br\/noticias\/?p=25931"},"modified":"2024-05-24T20:01:06","modified_gmt":"2024-05-24T23:01:06","slug":"real-brasilia-presta-bela-homenagem-ao-dia-do-trabalhador","status":"publish","type":"post","link":"https:\/\/www.esportesbrasilia.com.br\/noticias\/colunas\/notatico\/real-brasilia-presta-bela-homenagem-ao-dia-do-trabalhador.html","title":{"rendered":"Real Bras\u00edlia presta bela homenagem ao Dia do Trabalhador"},"content":{"rendered":"\n<p>Na categoria de campe\u00e3o candango e um clube s\u00e9rio, organizado e estruturado, o Real Bras\u00edlia promoveu uma bel\u00edssima a\u00e7\u00e3o em homenagem ao Dia do Trabalhador, o \u00faltimo 1\u00ba de maio. Um dos clubes mais \u00edntegros da capital federal demonstrou todo seu respeito e reconhecimento aos diversos atletas que puseram a institui\u00e7\u00e3o no palanque dos vencedores distritais.<\/p>\n\n\n\n<p>Fora do feito dos atletas e da dificuldade da imposi\u00e7\u00e3o de ideias do t\u00e9cnico Marcelo Caranhato, o time perdeu na estreia em casa no Campeonato Brasileiro da S\u00e9rie D, na segunda rodada, por 2 x 0 diante do Ipor\u00e1. Isto foi apenas o fato menor do \u00faltimo s\u00e1bado (4). Menor ainda do que uma queda diante de um &#8220;catad\u00e3o&#8221; de atletas emprestados por Ceil\u00e2ndia, Brasiliense, Samambaia e Ceilandense. Um disfarce de Sele\u00e7\u00e3o Candanga.<\/p>\n\n\n\n<p>O grande laurel do jogo, se entenda o contexto contornando as quatro linhas, foi algo que uma vez a Esportes Bras\u00edlia nomeou como Lei da Morda\u00e7a. Na ocasi\u00e3o, no presente Candang\u00e3o, o futuro campe\u00e3o Ceil\u00e2ndia reclamava das falhas de arbitragem. No \u00faltimo fim de semana, em ordens de dentro, quem se calou era quem n\u00e3o estava recebendo sal\u00e1rios: os pr\u00f3prios atletas (!)<\/p>\n\n\n\n<p>Que se diga, independe da informa\u00e7\u00e3o do portal Arquibancada Feminina (que denunciou quatro meses de atraso no time feminino, da S\u00e9rie A1 nacional) ou da apura\u00e7\u00e3o do Distrito do Esporte, de apenas um m\u00eas no masculino e no feminino. Al\u00e9m da falta de uma postura oficial, \u00e9 o completo esc\u00e1rnio e desrespeito com quem usa o que hoje \u00e9 uma mera camisa. N\u00e3o mais que isso.<\/p>\n\n\n\n<p>Ap\u00f3s o apito final, nas reportagens, eu busquei tr\u00eas referentes da hist\u00f3ria do Le\u00e3o do Planalto, jogadores que n\u00e3o merecem o presente do time. Uederson, Caio Mendes e Gabriel Lima. Ningu\u00e9m falou. At\u00e9 o professor Caranhato infringiu as regras da CBF e com ningu\u00e9m da imprensa conversou.<\/p>\n\n\n\n<p>Uma trag\u00e9dia. Um sil\u00eancio que a todos revela o que \u00e9 este Real Bras\u00edlia. Real de uma &#8220;coroa da sarjeta&#8221;, como disse certa vez disse o rei prusso Frederico Guilherme IV. S\u00edmbolo de gratid\u00e3o a quem levou o time ao mais alto, esportivo e financeiro, levando calote depois. Mais um dos c\u00e2nceres do futebol do Distrito Federal.<\/p>\n","protected":false},"excerpt":{"rendered":"<p>Na categoria de campe\u00e3o candango e um clube s\u00e9rio, organizado e estruturado, o Real Bras\u00edlia promoveu uma bel\u00edssima a\u00e7\u00e3o em homenagem ao Dia do Trabalhador, o \u00faltimo 1\u00ba de maio. Um dos clubes mais \u00edntegros da capital federal demonstrou todo seu respeito e reconhecimento aos diversos atletas que puseram a institui\u00e7\u00e3o no palanque dos vencedores [&hellip;]<\/p>\n","protected":false},"author":54,"featured_media":23087,"comment_status":"closed","ping_status":"closed","sticky":false,"template":"","format":"standard","meta":{"footnotes":""},"categories":[1029],"tags":[],"class_list":["post-25931","post","type-post","status-publish","format-standard","has-post-thumbnail","hentry","category-notatico"],"_links":{"self":[{"href":"https:\/\/www.esportesbrasilia.com.br\/noticias\/wp-json\/wp\/v2\/posts\/25931","targetHints":{"allow":["GET"]}}],"collection":[{"href":"https:\/\/www.esportesbrasilia.com.br\/noticias\/wp-json\/wp\/v2\/posts"}],"about":[{"href":"https:\/\/www.esportesbrasilia.com.br\/noticias\/wp-json\/wp\/v2\/types\/post"}],"author":[{"embeddable":true,"href":"https:\/\/www.esportesbrasilia.com.br\/noticias\/wp-json\/wp\/v2\/users\/54"}],"replies":[{"embeddable":true,"href":"https:\/\/www.esportesbrasilia.com.br\/noticias\/wp-json\/wp\/v2\/comments?post=25931"}],"version-history":[{"count":2,"href":"https:\/\/www.esportesbrasilia.com.br\/noticias\/wp-json\/wp\/v2\/posts\/25931\/revisions"}],"predecessor-version":[{"id":25933,"href":"https:\/\/www.esportesbrasilia.com.br\/noticias\/wp-json\/wp\/v2\/posts\/25931\/revisions\/25933"}],"wp:featuredmedia":[{"embeddable":true,"href":"https:\/\/www.esportesbrasilia.com.br\/noticias\/wp-json\/wp\/v2\/media\/23087"}],"wp:attachment":[{"href":"https:\/\/www.esportesbrasilia.com.br\/noticias\/wp-json\/wp\/v2\/media?parent=25931"}],"wp:term":[{"taxonomy":"category","embeddable":true,"href":"https:\/\/www.esportesbrasilia.com.br\/noticias\/wp-json\/wp\/v2\/categories?post=25931"},{"taxonomy":"post_tag","embeddable":true,"href":"https:\/\/www.esportesbrasilia.com.br\/noticias\/wp-json\/wp\/v2\/tags?post=25931"}],"curies":[{"name":"wp","href":"https:\/\/api.w.org\/{rel}","templated":true}]}}