{"id":25924,"date":"2024-05-05T20:23:21","date_gmt":"2024-05-05T23:23:21","guid":{"rendered":"https:\/\/www.esportesbrasilia.com.br\/noticias\/?p=25924"},"modified":"2024-05-05T20:23:41","modified_gmt":"2024-05-05T23:23:41","slug":"brasiliense-perde-a-primeira-fora-de-casa-pelo-brasileirao-serie-d","status":"publish","type":"post","link":"https:\/\/www.esportesbrasilia.com.br\/noticias\/futebol\/brasiliense-perde-a-primeira-fora-de-casa-pelo-brasileirao-serie-d.html","title":{"rendered":"Brasiliense perde a primeira fora de casa pelo Brasileir\u00e3o S\u00e9rie D"},"content":{"rendered":"\n<p><strong>Foto: Mateus Dutra\/Metr\u00f3poles<\/strong><\/p>\n\n\n\n<p>O Brasiliense realizou, na tarde deste domingo (05), a primeira partida fora de casa pelo Brasileir\u00e3o S\u00e9rie D. O advers\u00e1rio foi o CRAC, no est\u00e1dio Genervino da Fonseca, em Catal\u00e3o\/GO.<\/p>\n\n\n\n<p>Dessa vez, o Jacar\u00e9 acabou derrotado por 1&#215;0. O gol \u00fanico da partida saiu no segundo tempo. Logo a quatro minutos, ap\u00f3s cobran\u00e7a de escanteio pelo lado direito, a bola vai na grande \u00e1rea e Keynan afasta. Na sobra, de fora da grande \u00e1rea, Jeremias solta a bomba. A bola desvia no zagueiro Netinho e vai no canto baixo do goleiro Wagner, sem chances de defesa.<\/p>\n\n\n\n<p>Com o resultado adverso, o Brasiliense est\u00e1 na quarta posi\u00e7\u00e3o da chave A5, com apenas tr\u00eas pontos ganhos, obtidos na vit\u00f3ria frente ao An\u00e1polis\/GO na semana passada.<\/p>\n\n\n\n<p>Na pr\u00f3xima rodada, o Brasiliense visita o Real Bras\u00edlia no duelo dos candangos. A partida acontecer\u00e1 no pr\u00f3ximo domingo (12), \u00e0s 15h, no est\u00e1dio Ciro Machado, com transmiss\u00e3o da <strong>Esportes Bras\u00edlia<\/strong>.<\/p>\n\n\n\n<p class=\"has-text-align-center\"><strong>CAMPEONATO BRASILEIRO S\u00c9RIE D &#8211; 2\u00aa RODADA<br>Est\u00e1dio Genervino da Fonseca &#8211; Catal\u00e3o\/GO &#8211; 05.05.24<br>CRAC\/GO 1&#215;0 Brasiliense<\/strong><\/p>\n\n\n\n<p>CRAC<br>Cl\u00e9riston; Potiguar, \u00cdtalo Melo, Eder Lima e Chico Bala; Robson Alem\u00e3o, Janderson (Adailson), Felipe Guedes e Jeremias (Evanderson); Jeferson Victor (Jailson) e Yuri Mamute (Anderson Magr\u00e3o)<br>T\u00e9cnico: Paulo Massaro<br>Cart\u00f5es Amarelos: Yuri Mamute, Jeferson Victor, Jo\u00e3o Lucas<\/p>\n\n\n\n<p>BRASILIENSE<br>Wagner; Netinho, Keynan, Igor Moraes e M\u00e1rcio Duarte (Rom\u00e1rio); Aldo (Gustavo Lila), Gabriel Galhardo, Rodolfo (Jo\u00e3ozinho) e Gui Mendes (Jo\u00e3o Santos); Everton Kanela e Tobinha (Ian Carlos)<br>T\u00e9cnico: Paulo Roberto<br>Cart\u00f5es Amarelos: Rodolfo, Igor Morais, Gabriel Galhardo<\/p>\n","protected":false},"excerpt":{"rendered":"<p>Foto: Mateus Dutra\/Metr\u00f3poles O Brasiliense realizou, na tarde deste domingo (05), a primeira partida fora de casa pelo Brasileir\u00e3o S\u00e9rie D. O advers\u00e1rio foi o CRAC, no est\u00e1dio Genervino da Fonseca, em Catal\u00e3o\/GO. Dessa vez, o Jacar\u00e9 acabou derrotado por 1&#215;0. O gol \u00fanico da partida saiu no segundo tempo. Logo a quatro minutos, ap\u00f3s [&hellip;]<\/p>\n","protected":false},"author":2,"featured_media":25925,"comment_status":"closed","ping_status":"closed","sticky":false,"template":"","format":"standard","meta":{"footnotes":""},"categories":[8],"tags":[],"class_list":["post-25924","post","type-post","status-publish","format-standard","has-post-thumbnail","hentry","category-futebol"],"_links":{"self":[{"href":"https:\/\/www.esportesbrasilia.com.br\/noticias\/wp-json\/wp\/v2\/posts\/25924","targetHints":{"allow":["GET"]}}],"collection":[{"href":"https:\/\/www.esportesbrasilia.com.br\/noticias\/wp-json\/wp\/v2\/posts"}],"about":[{"href":"https:\/\/www.esportesbrasilia.com.br\/noticias\/wp-json\/wp\/v2\/types\/post"}],"author":[{"embeddable":true,"href":"https:\/\/www.esportesbrasilia.com.br\/noticias\/wp-json\/wp\/v2\/users\/2"}],"replies":[{"embeddable":true,"href":"https:\/\/www.esportesbrasilia.com.br\/noticias\/wp-json\/wp\/v2\/comments?post=25924"}],"version-history":[{"count":2,"href":"https:\/\/www.esportesbrasilia.com.br\/noticias\/wp-json\/wp\/v2\/posts\/25924\/revisions"}],"predecessor-version":[{"id":25927,"href":"https:\/\/www.esportesbrasilia.com.br\/noticias\/wp-json\/wp\/v2\/posts\/25924\/revisions\/25927"}],"wp:featuredmedia":[{"embeddable":true,"href":"https:\/\/www.esportesbrasilia.com.br\/noticias\/wp-json\/wp\/v2\/media\/25925"}],"wp:attachment":[{"href":"https:\/\/www.esportesbrasilia.com.br\/noticias\/wp-json\/wp\/v2\/media?parent=25924"}],"wp:term":[{"taxonomy":"category","embeddable":true,"href":"https:\/\/www.esportesbrasilia.com.br\/noticias\/wp-json\/wp\/v2\/categories?post=25924"},{"taxonomy":"post_tag","embeddable":true,"href":"https:\/\/www.esportesbrasilia.com.br\/noticias\/wp-json\/wp\/v2\/tags?post=25924"}],"curies":[{"name":"wp","href":"https:\/\/api.w.org\/{rel}","templated":true}]}}