{"id":25913,"date":"2024-05-03T16:00:09","date_gmt":"2024-05-03T19:00:09","guid":{"rendered":"https:\/\/www.esportesbrasilia.com.br\/noticias\/?p=25913"},"modified":"2024-05-05T20:26:24","modified_gmt":"2024-05-05T23:26:24","slug":"greval-tem-primeira-rodada-do-candanguinho-sub-20-adiada","status":"publish","type":"post","link":"https:\/\/www.esportesbrasilia.com.br\/noticias\/futebol\/greval-tem-primeira-rodada-do-candanguinho-sub-20-adiada.html","title":{"rendered":"Time mineiro desiste e equipe goiana tem partida adiada do Candang\u00e3o Juniores"},"content":{"rendered":"\n<p><strong>Foto: Rodrigo Fonseca\/V1 Sports<\/strong><\/p>\n\n\n\n<p>O Campeonato Candango sub-20 ter\u00e1 in\u00edcio nesse final de semana, mas a tabela j\u00e1 sofreu algumas altera\u00e7\u00f5es.<\/p>\n\n\n\n<p>Ap\u00f3s a desist\u00eancia em cima da hora do Una\u00ed-MG, todos os advers\u00e1rios do grupo B que enfrentariam a equipe mineira j\u00e1 garantiram tr\u00eas pontos e vit\u00f3ria por W.O. &#8211; com o placar de 3&#215;0.<\/p>\n\n\n\n<p>Outra altera\u00e7\u00e3o aconteceu com o jogo Gr\u00eamio Valpara\u00edso x Planaltina, que precisou ser adiado ap\u00f3s um surto de dengue no elenco do Galo candango.<\/p>\n\n\n\n<p>A partida, que aconteceria neste final de semana, precisou ser adiada para daqui a 25 dias (29 de maio). Isso porque um surto de dengue no elenco do Planaltina acabou comprometendo a integridade f\u00edsica dos atletas e de alguns da comiss\u00e3o t\u00e9cnica.<\/p>\n\n\n\n<p>A reportagem da Esportes Bras\u00edlia apurou que um jogador est\u00e1 em situa\u00e7\u00e3o mais cr\u00edtica e um membro da comiss\u00e3o t\u00e9cnica teria sofrido um AVC. Os dois seguem afastados das atividades. A EB deseja pronta melhora aos dois.<\/p>\n","protected":false},"excerpt":{"rendered":"<p>Foto: Rodrigo Fonseca\/V1 Sports O Campeonato Candango sub-20 ter\u00e1 in\u00edcio nesse final de semana, mas a tabela j\u00e1 sofreu algumas altera\u00e7\u00f5es. Ap\u00f3s a desist\u00eancia em cima da hora do Una\u00ed-MG, todos os advers\u00e1rios do grupo B que enfrentariam a equipe mineira j\u00e1 garantiram tr\u00eas pontos e vit\u00f3ria por W.O. &#8211; com o placar de 3&#215;0. [&hellip;]<\/p>\n","protected":false},"author":53,"featured_media":25918,"comment_status":"closed","ping_status":"closed","sticky":false,"template":"","format":"standard","meta":{"footnotes":""},"categories":[8],"tags":[450,1351,1244,416,1309],"class_list":["post-25913","post","type-post","status-publish","format-standard","has-post-thumbnail","hentry","category-futebol","tag-candanguinho","tag-dengue","tag-greval","tag-planaltina","tag-sub-20"],"_links":{"self":[{"href":"https:\/\/www.esportesbrasilia.com.br\/noticias\/wp-json\/wp\/v2\/posts\/25913","targetHints":{"allow":["GET"]}}],"collection":[{"href":"https:\/\/www.esportesbrasilia.com.br\/noticias\/wp-json\/wp\/v2\/posts"}],"about":[{"href":"https:\/\/www.esportesbrasilia.com.br\/noticias\/wp-json\/wp\/v2\/types\/post"}],"author":[{"embeddable":true,"href":"https:\/\/www.esportesbrasilia.com.br\/noticias\/wp-json\/wp\/v2\/users\/53"}],"replies":[{"embeddable":true,"href":"https:\/\/www.esportesbrasilia.com.br\/noticias\/wp-json\/wp\/v2\/comments?post=25913"}],"version-history":[{"count":7,"href":"https:\/\/www.esportesbrasilia.com.br\/noticias\/wp-json\/wp\/v2\/posts\/25913\/revisions"}],"predecessor-version":[{"id":25930,"href":"https:\/\/www.esportesbrasilia.com.br\/noticias\/wp-json\/wp\/v2\/posts\/25913\/revisions\/25930"}],"wp:featuredmedia":[{"embeddable":true,"href":"https:\/\/www.esportesbrasilia.com.br\/noticias\/wp-json\/wp\/v2\/media\/25918"}],"wp:attachment":[{"href":"https:\/\/www.esportesbrasilia.com.br\/noticias\/wp-json\/wp\/v2\/media?parent=25913"}],"wp:term":[{"taxonomy":"category","embeddable":true,"href":"https:\/\/www.esportesbrasilia.com.br\/noticias\/wp-json\/wp\/v2\/categories?post=25913"},{"taxonomy":"post_tag","embeddable":true,"href":"https:\/\/www.esportesbrasilia.com.br\/noticias\/wp-json\/wp\/v2\/tags?post=25913"}],"curies":[{"name":"wp","href":"https:\/\/api.w.org\/{rel}","templated":true}]}}