{"id":25892,"date":"2024-04-28T01:04:00","date_gmt":"2024-04-28T04:04:00","guid":{"rendered":"https:\/\/www.esportesbrasilia.com.br\/noticias\/?p=25892"},"modified":"2024-04-28T01:16:45","modified_gmt":"2024-04-28T04:16:45","slug":"real-brasilia-cede-o-empate-para-o-inter-pelo-brasileirao-feminino","status":"publish","type":"post","link":"https:\/\/www.esportesbrasilia.com.br\/noticias\/futebol\/real-brasilia-cede-o-empate-para-o-inter-pelo-brasileirao-feminino.html","title":{"rendered":"Real Bras\u00edlia cede o empate para o Inter pelo Brasileir\u00e3o Feminino"},"content":{"rendered":"\n<p><strong>Foto: J\u00falio C\u00e9sar Silva\/Real Bras\u00edlia<\/strong><\/p>\n\n\n\n<p>O Real Bras\u00edlia recebeu o Inter na tarde deste s\u00e1bado (27), em mais uma partida da primeira fase do Brasileir\u00e3o Feminino. As leoas do planalto at\u00e9 sa\u00edram na frente, mas cederam o empate para as gurias coloradas no segundo tempo.<\/p>\n\n\n\n<p>Aos 15 minutos, ap\u00f3s troca de passe pela esquerda, Pitty levantou na grande \u00e1rea para Kek\u00e9, sem marca\u00e7\u00e3o, subir no segundo andar e testar firme para abrir o placar no est\u00e1dio Ciro Machado para o Real Bras\u00edlia.<\/p>\n\n\n\n<p>J\u00e1 no segundo tempo, aos 29 minutos, ap\u00f3s bate-rebate na grande \u00e1rea, Chu Santos soltou a bomba e venceu a goleira Dida, anotando o gol do Inter e empatando o marcador.<\/p>\n\n\n\n<p>O Real Bras\u00edlia foi em busca da virada, mas n\u00e3o conseguiu furar a meta colorada. Fim de jogo e empate em 1&#215;1 no est\u00e1dio Ciro Machado.<\/p>\n\n\n\n<p>Mesmo com o empate, o time n\u00e3o volta ao G8 do Brasileir\u00e3o Feminino, uma vez que o Gr\u00eamio goleou o Ava\u00ed\/Kindermann por 6&#215;0. Na pr\u00f3xima rodada, o Real Bras\u00edlia vai at\u00e9 S\u00e3o Paulo para enfrentar o Palmeiras. A bola rola nesta quarta-feira (01.05), \u00e0s 10h, no est\u00e1dio Jayme Cintra, em Jundia\u00ed\/SP.<\/p>\n\n\n\n<p class=\"has-text-align-center\"><strong>CAMPEONATO BRASILEIRO FEMININO &#8211; 7\u00aa RODADA<br>Est\u00e1dio Ciro Machado &#8211; Vila Planalto\/DF &#8211; 27.04.24<br>Real Bras\u00edlia 1&#215;1 Internacional<\/strong><\/p>\n\n\n\n<p><strong>REAL BRAS\u00cdLIA<\/strong><br>Dida; Maria Dias (Marcela Guedes), Nayara, Luciana e Vivi Acosta; Kek\u00e9 (Laine), Isabela (Bai\u00e3o), Gabi Huertas (Tefinha) e Pitty; Ju Oliveira (Nen\u00ea) e Mayara.<br>T\u00e9cnico: Ded\u00e9 Ramos<br>Cart\u00f5es Amarelos: Luciana, Isabela<\/p>\n\n\n\n<p><strong>INTERNACIONAL<\/strong><br>Escala\u00e7\u00e3o: Mayara; Isa Haas, Carla, Katrine e Bia (Roberta); Tamara, Capelinha, Analuyza (Z\u00f3io) e Let\u00edcia Monteiro (Chu Santos); Priscila e Bel\u00e9n.<br>T\u00e9cnico: Jorge Barcellos<br>Cart\u00f5es Amarelos: Katrine<\/p>\n","protected":false},"excerpt":{"rendered":"<p>Foto: J\u00falio C\u00e9sar Silva\/Real Bras\u00edlia O Real Bras\u00edlia recebeu o Inter na tarde deste s\u00e1bado (27), em mais uma partida da primeira fase do Brasileir\u00e3o Feminino. As leoas do planalto at\u00e9 sa\u00edram na frente, mas cederam o empate para as gurias coloradas no segundo tempo. Aos 15 minutos, ap\u00f3s troca de passe pela esquerda, Pitty [&hellip;]<\/p>\n","protected":false},"author":2,"featured_media":25893,"comment_status":"closed","ping_status":"closed","sticky":false,"template":"","format":"standard","meta":{"footnotes":""},"categories":[8],"tags":[],"class_list":["post-25892","post","type-post","status-publish","format-standard","has-post-thumbnail","hentry","category-futebol"],"_links":{"self":[{"href":"https:\/\/www.esportesbrasilia.com.br\/noticias\/wp-json\/wp\/v2\/posts\/25892","targetHints":{"allow":["GET"]}}],"collection":[{"href":"https:\/\/www.esportesbrasilia.com.br\/noticias\/wp-json\/wp\/v2\/posts"}],"about":[{"href":"https:\/\/www.esportesbrasilia.com.br\/noticias\/wp-json\/wp\/v2\/types\/post"}],"author":[{"embeddable":true,"href":"https:\/\/www.esportesbrasilia.com.br\/noticias\/wp-json\/wp\/v2\/users\/2"}],"replies":[{"embeddable":true,"href":"https:\/\/www.esportesbrasilia.com.br\/noticias\/wp-json\/wp\/v2\/comments?post=25892"}],"version-history":[{"count":3,"href":"https:\/\/www.esportesbrasilia.com.br\/noticias\/wp-json\/wp\/v2\/posts\/25892\/revisions"}],"predecessor-version":[{"id":25897,"href":"https:\/\/www.esportesbrasilia.com.br\/noticias\/wp-json\/wp\/v2\/posts\/25892\/revisions\/25897"}],"wp:featuredmedia":[{"embeddable":true,"href":"https:\/\/www.esportesbrasilia.com.br\/noticias\/wp-json\/wp\/v2\/media\/25893"}],"wp:attachment":[{"href":"https:\/\/www.esportesbrasilia.com.br\/noticias\/wp-json\/wp\/v2\/media?parent=25892"}],"wp:term":[{"taxonomy":"category","embeddable":true,"href":"https:\/\/www.esportesbrasilia.com.br\/noticias\/wp-json\/wp\/v2\/categories?post=25892"},{"taxonomy":"post_tag","embeddable":true,"href":"https:\/\/www.esportesbrasilia.com.br\/noticias\/wp-json\/wp\/v2\/tags?post=25892"}],"curies":[{"name":"wp","href":"https:\/\/api.w.org\/{rel}","templated":true}]}}