{"id":25889,"date":"2024-04-28T00:39:00","date_gmt":"2024-04-28T03:39:00","guid":{"rendered":"https:\/\/www.esportesbrasilia.com.br\/noticias\/?p=25889"},"modified":"2024-04-28T01:13:50","modified_gmt":"2024-04-28T04:13:50","slug":"real-brasilia-perde-fora-de-casa-na-estreia-do-brasileirao-serie-d","status":"publish","type":"post","link":"https:\/\/www.esportesbrasilia.com.br\/noticias\/futebol\/real-brasilia-perde-fora-de-casa-na-estreia-do-brasileirao-serie-d.html","title":{"rendered":"Real Bras\u00edlia perde fora de casa na estreia do Brasileir\u00e3o S\u00e9rie D"},"content":{"rendered":"\n<p><strong>Foto: Djavan Barbosa\/ Jornal do Tocantins<\/strong><\/p>\n\n\n\n<p>O Real Bras\u00edlia estreou com derrota na s\u00e9rie D do Campeonato Brasileiro. Jogando em Palmas\/TO, no est\u00e1dio Nilton Santos, o Le\u00e3o do Planalto perdeu para o Capital por 2&#215;0.<\/p>\n\n\n\n<p>Os gols do time tocantinense foram marcados no segundo tempo de jogo. Aos cinco minutos, Arango cobrou falta e a bola foi na trave do goleiro Wendell. No rebote, apareceu M\u00e1rcio Junior para, sem marca\u00e7\u00e3o, colocar no fundo da rede, abrindo o placar para o Capital.<\/p>\n\n\n\n<p>J\u00e1 aos 20 minutos, o colombiano Arango, em cobran\u00e7a de falta, bate com o p\u00e9 direito e manda no \u00e2ngulo direito do goleiro Wendell. O arqueiro candango at\u00e9 pulou, mas n\u00e3o conseguiu segurar. Era o segundo gol do Capital, confirmando a vit\u00f3ria por 2&#215;0.<\/p>\n\n\n\n<p>Na pr\u00f3xima rodada, o Real Bras\u00edlia recebe o Ipor\u00e1\/GO. A partida acontece no pr\u00f3ximo s\u00e1bado (04.05), \u00e0s 15h, no est\u00e1dio Ciro Machado, com transmiss\u00e3o da <strong>Esportes Bras\u00edlia<\/strong>.<\/p>\n\n\n\n<p class=\"has-text-align-center\"><strong>CAMPEONATO BRASILEIRO S\u00c9RIE D &#8211; 1\u00aa RODADA<br>Est\u00e1dio Nilton Santos &#8211; Palmas\/TO &#8211; 27.04.24<br>Capital\/TO 2&#215;0 Real Bras\u00edlia<\/strong><\/p>\n\n\n\n<p><strong>CAPITAL<\/strong><br>Prezzi; Gustavo Lob\u00f3 (Iarlei), Washington, Arthur e Jander; M\u00e1rcio Junior, Wellington, Arthurzinho (Arango) e David (Lucas Lopes); Caio Vidal (William) e Weslley (H\u00e9ctor).<br>T\u00e9cnico: Givanildo Nascimento<br>Cart\u00f5es Amarelos: Arthurzinho, Gustavo Lobo, Wellington<\/p>\n\n\n\n<p><strong>REAL BRAS\u00cdLIA<\/strong><br>Wendell; Caio Mendes, Davy, Tiago Caveira (Felipe) e Gabriel Lima; Matheus Dias (T\u00e1ssio), Fabr\u00edcio Bigode, PH e Marquinhos (Breno Lopes); Uederson (Juan Alves) e Guilherme.<br>T\u00e9cnico: Marcelo Caranhato<br>Cart\u00f5es Amarelos: Matheus Dias, Marcelo Caranhato (Tec), Fabr\u00edcio Bigode, Davy<\/p>\n","protected":false},"excerpt":{"rendered":"<p>Foto: Djavan Barbosa\/ Jornal do Tocantins O Real Bras\u00edlia estreou com derrota na s\u00e9rie D do Campeonato Brasileiro. Jogando em Palmas\/TO, no est\u00e1dio Nilton Santos, o Le\u00e3o do Planalto perdeu para o Capital por 2&#215;0. Os gols do time tocantinense foram marcados no segundo tempo de jogo. Aos cinco minutos, Arango cobrou falta e a [&hellip;]<\/p>\n","protected":false},"author":2,"featured_media":25890,"comment_status":"closed","ping_status":"closed","sticky":false,"template":"","format":"standard","meta":{"footnotes":""},"categories":[8],"tags":[],"class_list":["post-25889","post","type-post","status-publish","format-standard","has-post-thumbnail","hentry","category-futebol"],"_links":{"self":[{"href":"https:\/\/www.esportesbrasilia.com.br\/noticias\/wp-json\/wp\/v2\/posts\/25889","targetHints":{"allow":["GET"]}}],"collection":[{"href":"https:\/\/www.esportesbrasilia.com.br\/noticias\/wp-json\/wp\/v2\/posts"}],"about":[{"href":"https:\/\/www.esportesbrasilia.com.br\/noticias\/wp-json\/wp\/v2\/types\/post"}],"author":[{"embeddable":true,"href":"https:\/\/www.esportesbrasilia.com.br\/noticias\/wp-json\/wp\/v2\/users\/2"}],"replies":[{"embeddable":true,"href":"https:\/\/www.esportesbrasilia.com.br\/noticias\/wp-json\/wp\/v2\/comments?post=25889"}],"version-history":[{"count":2,"href":"https:\/\/www.esportesbrasilia.com.br\/noticias\/wp-json\/wp\/v2\/posts\/25889\/revisions"}],"predecessor-version":[{"id":25896,"href":"https:\/\/www.esportesbrasilia.com.br\/noticias\/wp-json\/wp\/v2\/posts\/25889\/revisions\/25896"}],"wp:featuredmedia":[{"embeddable":true,"href":"https:\/\/www.esportesbrasilia.com.br\/noticias\/wp-json\/wp\/v2\/media\/25890"}],"wp:attachment":[{"href":"https:\/\/www.esportesbrasilia.com.br\/noticias\/wp-json\/wp\/v2\/media?parent=25889"}],"wp:term":[{"taxonomy":"category","embeddable":true,"href":"https:\/\/www.esportesbrasilia.com.br\/noticias\/wp-json\/wp\/v2\/categories?post=25889"},{"taxonomy":"post_tag","embeddable":true,"href":"https:\/\/www.esportesbrasilia.com.br\/noticias\/wp-json\/wp\/v2\/tags?post=25889"}],"curies":[{"name":"wp","href":"https:\/\/api.w.org\/{rel}","templated":true}]}}