{"id":25842,"date":"2024-04-23T20:13:12","date_gmt":"2024-04-23T23:13:12","guid":{"rendered":"https:\/\/www.esportesbrasilia.com.br\/noticias\/?p=25842"},"modified":"2024-04-24T21:35:17","modified_gmt":"2024-04-25T00:35:17","slug":"atletas-do-brasilia-basquete-fazem-vaquinha-para-disputar-campeonato-no-parana","status":"publish","type":"post","link":"https:\/\/www.esportesbrasilia.com.br\/noticias\/basquete\/atletas-do-brasilia-basquete-fazem-vaquinha-para-disputar-campeonato-no-parana.html","title":{"rendered":"Atletas do Bras\u00edlia Basquete fazem vaquinha para disputar campeonato no Paran\u00e1"},"content":{"rendered":"\n<p><strong>Foto: Divulga\u00e7\u00e3o\/Vakinha<\/strong><\/p>\n\n\n\n<p>Os atletas das categorias de base do Bras\u00edlia Basquete abriram, nesta semana, uma vaquinha nas redes sociais. O motivo da arrecada\u00e7\u00e3o \u00e9 conseguir os fundos necess\u00e1rios para viajar a Pato Branco\/PR, onde a equipe est\u00e1 inscrita para a disputa do Campeonato Brasileiro Interclubes Sub-19.<\/p>\n\n\n\n<p>A meta do projeto \u00e9 de R$ 5 mil, com pouco mais de R$1,5 mil doados at\u00e9 o fechamento desta mat\u00e9ria. O montante \u00e9 preciso para custear os gastos de hospedagem, alimenta\u00e7\u00e3o e transporte.<\/p>\n\n\n\n<p>A viagem ao Sul do pa\u00eds dura dez dias, a partir do dia 12 de maio. A inscri\u00e7\u00e3o da equipe foi paga tamb\u00e9m pelo mesmo tipo de coleta.<\/p>\n\n\n\n<p>Vale lembrar que as categorias de base do Bras\u00edlia Basquete s\u00e3o terceirizadas. Os times utilizam o nome da institui\u00e7\u00e3o no Clube da AACB, sendo apadrinhados com o apoio institucional do clube profissional.<\/p>\n\n\n\n<p>A vaquinha est\u00e1 dispon\u00edvel neste <a href=\"https:\/\/www.vakinha.com.br\/vaquinha\/nos-ajude-a-disputar-o-cbi-2024-que-acontecerar-em-pato-branco\">link<\/a>. Tamb\u00e9m h\u00e1 op\u00e7\u00e3o para chave PIX: 4627324@vakinha.com.br.<\/p>\n","protected":false},"excerpt":{"rendered":"<p>Foto: Divulga\u00e7\u00e3o\/Vakinha Os atletas das categorias de base do Bras\u00edlia Basquete abriram, nesta semana, uma vaquinha nas redes sociais. O motivo da arrecada\u00e7\u00e3o \u00e9 conseguir os fundos necess\u00e1rios para viajar a Pato Branco\/PR, onde a equipe est\u00e1 inscrita para a disputa do Campeonato Brasileiro Interclubes Sub-19. A meta do projeto \u00e9 de R$ 5 mil, [&hellip;]<\/p>\n","protected":false},"author":54,"featured_media":25843,"comment_status":"closed","ping_status":"closed","sticky":false,"template":"","format":"standard","meta":{"footnotes":""},"categories":[12],"tags":[886,1340],"class_list":["post-25842","post","type-post","status-publish","format-standard","has-post-thumbnail","hentry","category-basquete","tag-brasilia-basquete","tag-cbi"],"_links":{"self":[{"href":"https:\/\/www.esportesbrasilia.com.br\/noticias\/wp-json\/wp\/v2\/posts\/25842","targetHints":{"allow":["GET"]}}],"collection":[{"href":"https:\/\/www.esportesbrasilia.com.br\/noticias\/wp-json\/wp\/v2\/posts"}],"about":[{"href":"https:\/\/www.esportesbrasilia.com.br\/noticias\/wp-json\/wp\/v2\/types\/post"}],"author":[{"embeddable":true,"href":"https:\/\/www.esportesbrasilia.com.br\/noticias\/wp-json\/wp\/v2\/users\/54"}],"replies":[{"embeddable":true,"href":"https:\/\/www.esportesbrasilia.com.br\/noticias\/wp-json\/wp\/v2\/comments?post=25842"}],"version-history":[{"count":1,"href":"https:\/\/www.esportesbrasilia.com.br\/noticias\/wp-json\/wp\/v2\/posts\/25842\/revisions"}],"predecessor-version":[{"id":25844,"href":"https:\/\/www.esportesbrasilia.com.br\/noticias\/wp-json\/wp\/v2\/posts\/25842\/revisions\/25844"}],"wp:featuredmedia":[{"embeddable":true,"href":"https:\/\/www.esportesbrasilia.com.br\/noticias\/wp-json\/wp\/v2\/media\/25843"}],"wp:attachment":[{"href":"https:\/\/www.esportesbrasilia.com.br\/noticias\/wp-json\/wp\/v2\/media?parent=25842"}],"wp:term":[{"taxonomy":"category","embeddable":true,"href":"https:\/\/www.esportesbrasilia.com.br\/noticias\/wp-json\/wp\/v2\/categories?post=25842"},{"taxonomy":"post_tag","embeddable":true,"href":"https:\/\/www.esportesbrasilia.com.br\/noticias\/wp-json\/wp\/v2\/tags?post=25842"}],"curies":[{"name":"wp","href":"https:\/\/api.w.org\/{rel}","templated":true}]}}