{"id":25840,"date":"2024-04-22T17:32:44","date_gmt":"2024-04-22T20:32:44","guid":{"rendered":"https:\/\/www.esportesbrasilia.com.br\/noticias\/?p=25840"},"modified":"2024-04-22T17:32:44","modified_gmt":"2024-04-22T20:32:44","slug":"brasiliense-volta-a-arriscar-no-metodo-sao-paulo-para-subir","status":"publish","type":"post","link":"https:\/\/www.esportesbrasilia.com.br\/noticias\/colunas\/notatico\/brasiliense-volta-a-arriscar-no-metodo-sao-paulo-para-subir.html","title":{"rendered":"Brasiliense volta a arriscar no &#8220;M\u00e9todo S\u00e3o Paulo&#8221; para subir"},"content":{"rendered":"\n<p>Quem acompanhou a vit\u00f3ria do S\u00e3o Paulo por 3 x 0 sobre o Atl\u00e9tico-GO neste domingo (21), pelo Brasileir\u00e3o, notou diferen\u00e7as claras na equipe tricolor ap\u00f3s a sa\u00edda do perdido t\u00e9cnico Thiago Carpini. Mesmo com o interino Milton Cruz, o novo t\u00e9cnico, Lu\u00eds Zubeld\u00eda, assistiu ao jogo no Ant\u00f4nio Accioly e viu alguns experimentos pr\u00f3prios, alguns deles bastante b\u00e1sicos.<\/p>\n\n\n\n<p>Esquema com tr\u00eas zagueiros e a volta da dupla Luciano-Calleri foram algumas das armas para bater o Drag\u00e3o em Goi\u00e2nia, coisa que tende a se repetir no restante da temporada. Curiosamente, a troca de comando do elenco nesta mesma altura do campeonato volta a acontecer tamb\u00e9m no Brasiliense.<\/p>\n\n\n\n<p>Em 2023, entre as fases decisivas do Candang\u00e3o, Celso Teixeira cedeu lugar no Jacar\u00e9 para Roberto Cavalo, que de cara perdeu o campeonato para o Real Bras\u00edlia. A primeira vis\u00e3o n\u00e3o foi das melhores e a corre\u00e7\u00e3o foi custosa durante a S\u00e9rie D. O mesmo foi demitido durante a primeira fase, mostrando a falha da empreitada que viria a se consolidar com a queda nos 32-avos de final frente ao Athletic.<\/p>\n\n\n\n<p>Neste ano, com elimina\u00e7\u00e3o ainda precoce no distrital e problemas para achar o novo nome, o encarregado da vez, na mesma altura do calend\u00e1rio, \u00e9 Paulo Roberto Santos. No primeiro experimento frente \u00e0 Anapolina, hoje na segunda divis\u00e3o goiana e ainda sem compromissos no atual ciclo, foi derrota. Em pleno Serej\u00e3o.<\/p>\n\n\n\n<p>Dadas as devidas propor\u00e7\u00f5es, pode ser mais dif\u00edcil ajustar um time na quarta divis\u00e3o. Mas se \u00e9 dito que \u00e9 tentativa, parece parelho pensar nas duas realidades. Uma delas rendeu dois t\u00edtulos nacionais in\u00e9ditos ao Soberano. O Brasiliense, que deve em campo n\u00e3o de hoje, pode dar uma resposta nos mesmos m\u00e9todos. A Esportes Bras\u00edlia conta a estreia do Ense no Nacional neste fim de semana. Fique atento e nos acompanhe.<\/p>\n","protected":false},"excerpt":{"rendered":"<p>Quem acompanhou a vit\u00f3ria do S\u00e3o Paulo por 3 x 0 sobre o Atl\u00e9tico-GO neste domingo (21), pelo Brasileir\u00e3o, notou diferen\u00e7as claras na equipe tricolor ap\u00f3s a sa\u00edda do perdido t\u00e9cnico Thiago Carpini. Mesmo com o interino Milton Cruz, o novo t\u00e9cnico, Lu\u00eds Zubeld\u00eda, assistiu ao jogo no Ant\u00f4nio Accioly e viu alguns experimentos pr\u00f3prios, [&hellip;]<\/p>\n","protected":false},"author":54,"featured_media":23087,"comment_status":"closed","ping_status":"closed","sticky":false,"template":"","format":"standard","meta":{"footnotes":""},"categories":[1029],"tags":[],"class_list":["post-25840","post","type-post","status-publish","format-standard","has-post-thumbnail","hentry","category-notatico"],"_links":{"self":[{"href":"https:\/\/www.esportesbrasilia.com.br\/noticias\/wp-json\/wp\/v2\/posts\/25840","targetHints":{"allow":["GET"]}}],"collection":[{"href":"https:\/\/www.esportesbrasilia.com.br\/noticias\/wp-json\/wp\/v2\/posts"}],"about":[{"href":"https:\/\/www.esportesbrasilia.com.br\/noticias\/wp-json\/wp\/v2\/types\/post"}],"author":[{"embeddable":true,"href":"https:\/\/www.esportesbrasilia.com.br\/noticias\/wp-json\/wp\/v2\/users\/54"}],"replies":[{"embeddable":true,"href":"https:\/\/www.esportesbrasilia.com.br\/noticias\/wp-json\/wp\/v2\/comments?post=25840"}],"version-history":[{"count":1,"href":"https:\/\/www.esportesbrasilia.com.br\/noticias\/wp-json\/wp\/v2\/posts\/25840\/revisions"}],"predecessor-version":[{"id":25841,"href":"https:\/\/www.esportesbrasilia.com.br\/noticias\/wp-json\/wp\/v2\/posts\/25840\/revisions\/25841"}],"wp:featuredmedia":[{"embeddable":true,"href":"https:\/\/www.esportesbrasilia.com.br\/noticias\/wp-json\/wp\/v2\/media\/23087"}],"wp:attachment":[{"href":"https:\/\/www.esportesbrasilia.com.br\/noticias\/wp-json\/wp\/v2\/media?parent=25840"}],"wp:term":[{"taxonomy":"category","embeddable":true,"href":"https:\/\/www.esportesbrasilia.com.br\/noticias\/wp-json\/wp\/v2\/categories?post=25840"},{"taxonomy":"post_tag","embeddable":true,"href":"https:\/\/www.esportesbrasilia.com.br\/noticias\/wp-json\/wp\/v2\/tags?post=25840"}],"curies":[{"name":"wp","href":"https:\/\/api.w.org\/{rel}","templated":true}]}}