{"id":25746,"date":"2024-03-31T22:19:06","date_gmt":"2024-04-01T01:19:06","guid":{"rendered":"https:\/\/www.esportesbrasilia.com.br\/noticias\/?p=25746"},"modified":"2024-03-31T22:19:07","modified_gmt":"2024-04-01T01:19:07","slug":"brasilia-volei-vence-juiz-de-fora-e-esta-nas-semifinais-da-superliga-masculina-b","status":"publish","type":"post","link":"https:\/\/www.esportesbrasilia.com.br\/noticias\/volei\/brasilia-volei-vence-juiz-de-fora-e-esta-nas-semifinais-da-superliga-masculina-b.html","title":{"rendered":"Bras\u00edlia V\u00f4lei vence Juiz de Fora e est\u00e1 nas semifinais da Superliga Masculina B"},"content":{"rendered":"\n<p><strong>Foto: Rog\u00e9rio Guerreiro\/Bras\u00edlia V\u00f4lei<\/strong><\/p>\n\n\n\n<p>O Bras\u00edlia V\u00f4lei deu um importante passo em busca de voltar \u00e0 elite do voleibol nacional. Na tarde deste domingo (31), o time comandado por Marcelo Thiessen venceu o terceiro e decisivo jogo das quartas de final da Superliga Masculina B.<\/p>\n\n\n\n<p>No primeiro jogo, em Juiz de Fora\/MG, os mineiros conquistaram a vit\u00f3ria. No segundo jogo, melhor para os candangos. No derradeiro confronto, o Bras\u00edlia V\u00f4lei venceu o JF V\u00f4lei por 3 sets a 0, parciais de 25-23,\u00a025-23 e 25-15.<\/p>\n\n\n\n<p>Com isso, o time da capital federal fechou a s\u00e9rie em 2&#215;1 e eliminou os mineiros. Agora, o advers\u00e1rio das semifinais \u00e9 o Saneago Goi\u00e1s, tamb\u00e9m em uma s\u00e9rie melhor de tr\u00eas jogos.<\/p>\n\n\n\n<p>O primeiro confronto acontece no Gin\u00e1sio do SESI Taguatinga, no dia 10 de abril. O segundo e o terceiro jogos, caso necess\u00e1rio, ainda ser\u00e3o marcados pela CBV.<\/p>\n","protected":false},"excerpt":{"rendered":"<p>Foto: Rog\u00e9rio Guerreiro\/Bras\u00edlia V\u00f4lei O Bras\u00edlia V\u00f4lei deu um importante passo em busca de voltar \u00e0 elite do voleibol nacional. Na tarde deste domingo (31), o time comandado por Marcelo Thiessen venceu o terceiro e decisivo jogo das quartas de final da Superliga Masculina B. No primeiro jogo, em Juiz de Fora\/MG, os mineiros conquistaram [&hellip;]<\/p>\n","protected":false},"author":2,"featured_media":25747,"comment_status":"closed","ping_status":"closed","sticky":false,"template":"","format":"standard","meta":{"footnotes":""},"categories":[11],"tags":[],"class_list":["post-25746","post","type-post","status-publish","format-standard","has-post-thumbnail","hentry","category-volei"],"_links":{"self":[{"href":"https:\/\/www.esportesbrasilia.com.br\/noticias\/wp-json\/wp\/v2\/posts\/25746","targetHints":{"allow":["GET"]}}],"collection":[{"href":"https:\/\/www.esportesbrasilia.com.br\/noticias\/wp-json\/wp\/v2\/posts"}],"about":[{"href":"https:\/\/www.esportesbrasilia.com.br\/noticias\/wp-json\/wp\/v2\/types\/post"}],"author":[{"embeddable":true,"href":"https:\/\/www.esportesbrasilia.com.br\/noticias\/wp-json\/wp\/v2\/users\/2"}],"replies":[{"embeddable":true,"href":"https:\/\/www.esportesbrasilia.com.br\/noticias\/wp-json\/wp\/v2\/comments?post=25746"}],"version-history":[{"count":1,"href":"https:\/\/www.esportesbrasilia.com.br\/noticias\/wp-json\/wp\/v2\/posts\/25746\/revisions"}],"predecessor-version":[{"id":25748,"href":"https:\/\/www.esportesbrasilia.com.br\/noticias\/wp-json\/wp\/v2\/posts\/25746\/revisions\/25748"}],"wp:featuredmedia":[{"embeddable":true,"href":"https:\/\/www.esportesbrasilia.com.br\/noticias\/wp-json\/wp\/v2\/media\/25747"}],"wp:attachment":[{"href":"https:\/\/www.esportesbrasilia.com.br\/noticias\/wp-json\/wp\/v2\/media?parent=25746"}],"wp:term":[{"taxonomy":"category","embeddable":true,"href":"https:\/\/www.esportesbrasilia.com.br\/noticias\/wp-json\/wp\/v2\/categories?post=25746"},{"taxonomy":"post_tag","embeddable":true,"href":"https:\/\/www.esportesbrasilia.com.br\/noticias\/wp-json\/wp\/v2\/tags?post=25746"}],"curies":[{"name":"wp","href":"https:\/\/api.w.org\/{rel}","templated":true}]}}