{"id":25721,"date":"2024-03-27T17:31:01","date_gmt":"2024-03-27T20:31:01","guid":{"rendered":"https:\/\/www.esportesbrasilia.com.br\/noticias\/?p=25721"},"modified":"2024-03-27T17:32:10","modified_gmt":"2024-03-27T20:32:10","slug":"eliminacao-no-candangao-2024-derruba-tecnico-do-brasiliense","status":"publish","type":"post","link":"https:\/\/www.esportesbrasilia.com.br\/noticias\/futebol\/eliminacao-no-candangao-2024-derruba-tecnico-do-brasiliense.html","title":{"rendered":"Elimina\u00e7\u00e3o no Candang\u00e3o 2024 derruba t\u00e9cnico do Brasiliense"},"content":{"rendered":"\n<p>A elimina\u00e7\u00e3o do Brasiliense nas semifinais do Candang\u00e3o 2024 respingou na comiss\u00e3o t\u00e9cnica do Jacar\u00e9.<\/p>\n\n\n\n<p>Na tarde desta quarta-feira (27), foi confirmada a rescis\u00e3o do contrato de Vilson Taddei do comando do clube amarelo. A informa\u00e7\u00e3o est\u00e1 publicada no Boletim Informativo Di\u00e1rio da CBF.<\/p>\n\n\n\n<p>Com isso, o time ir\u00e1 em busca de outro treinador para a sequ\u00eancia da temporada 2024. Interinamente, o comando fica com Luis Carlos Souza, que j\u00e1 viajou com a delega\u00e7\u00e3o para Cuiab\u00e1\/MT, para o jogo desta quarta-feira pela Copa Verde,  diante do dourado mato-grossense.<\/p>\n\n\n\n<p>Aguarde mais informa\u00e7\u00f5es.<\/p>\n","protected":false},"excerpt":{"rendered":"<p>A elimina\u00e7\u00e3o do Brasiliense nas semifinais do Candang\u00e3o 2024 respingou na comiss\u00e3o t\u00e9cnica do Jacar\u00e9. Na tarde desta quarta-feira (27), foi confirmada a rescis\u00e3o do contrato de Vilson Taddei do comando do clube amarelo. A informa\u00e7\u00e3o est\u00e1 publicada no Boletim Informativo Di\u00e1rio da CBF. Com isso, o time ir\u00e1 em busca de outro treinador para [&hellip;]<\/p>\n","protected":false},"author":2,"featured_media":15766,"comment_status":"closed","ping_status":"closed","sticky":false,"template":"","format":"standard","meta":{"footnotes":""},"categories":[8],"tags":[],"class_list":["post-25721","post","type-post","status-publish","format-standard","has-post-thumbnail","hentry","category-futebol"],"_links":{"self":[{"href":"https:\/\/www.esportesbrasilia.com.br\/noticias\/wp-json\/wp\/v2\/posts\/25721","targetHints":{"allow":["GET"]}}],"collection":[{"href":"https:\/\/www.esportesbrasilia.com.br\/noticias\/wp-json\/wp\/v2\/posts"}],"about":[{"href":"https:\/\/www.esportesbrasilia.com.br\/noticias\/wp-json\/wp\/v2\/types\/post"}],"author":[{"embeddable":true,"href":"https:\/\/www.esportesbrasilia.com.br\/noticias\/wp-json\/wp\/v2\/users\/2"}],"replies":[{"embeddable":true,"href":"https:\/\/www.esportesbrasilia.com.br\/noticias\/wp-json\/wp\/v2\/comments?post=25721"}],"version-history":[{"count":2,"href":"https:\/\/www.esportesbrasilia.com.br\/noticias\/wp-json\/wp\/v2\/posts\/25721\/revisions"}],"predecessor-version":[{"id":25723,"href":"https:\/\/www.esportesbrasilia.com.br\/noticias\/wp-json\/wp\/v2\/posts\/25721\/revisions\/25723"}],"wp:featuredmedia":[{"embeddable":true,"href":"https:\/\/www.esportesbrasilia.com.br\/noticias\/wp-json\/wp\/v2\/media\/15766"}],"wp:attachment":[{"href":"https:\/\/www.esportesbrasilia.com.br\/noticias\/wp-json\/wp\/v2\/media?parent=25721"}],"wp:term":[{"taxonomy":"category","embeddable":true,"href":"https:\/\/www.esportesbrasilia.com.br\/noticias\/wp-json\/wp\/v2\/categories?post=25721"},{"taxonomy":"post_tag","embeddable":true,"href":"https:\/\/www.esportesbrasilia.com.br\/noticias\/wp-json\/wp\/v2\/tags?post=25721"}],"curies":[{"name":"wp","href":"https:\/\/api.w.org\/{rel}","templated":true}]}}