{"id":25717,"date":"2024-03-25T11:28:55","date_gmt":"2024-03-25T14:28:55","guid":{"rendered":"https:\/\/www.esportesbrasilia.com.br\/noticias\/?p=25717"},"modified":"2024-03-25T11:28:55","modified_gmt":"2024-03-25T14:28:55","slug":"cronicas-de-mortes-anunciadas","status":"publish","type":"post","link":"https:\/\/www.esportesbrasilia.com.br\/noticias\/colunas\/notatico\/cronicas-de-mortes-anunciadas.html","title":{"rendered":"Cr\u00f4nicas de mortes anunciadas"},"content":{"rendered":"\n<p>Os dois maiores clubes do Distrito Federal perderam para si a vaga na final do Candang\u00e3o. Assim, n\u00e3o mais. Independentemente se havia um advers\u00e1rio potente do outro lado. N\u00e3o cumpriram com a obriga\u00e7\u00e3o. \u00c9, sim, um papel\u00e3o. E como j\u00e1 \u00e9 h\u00e1 tempos, hein. O esporte local n\u00e3o pode mais esperar por meros lampejos como boas atua\u00e7\u00f5es em Copas do Brasil ou espor\u00e1dicas Copas Verdes.<\/p>\n\n\n\n<p>Sim, o Gama vai para quatro anos sem calend\u00e1rio nacional. \u00c9 um total absurdo. A cabe\u00e7a do torcedor gamense viveu um turbilh\u00e3o nas \u00faltimas 72 horas. No come\u00e7o do ano, viveu romance, gra\u00e7a e a\u00e7\u00e3o. Provou da trai\u00e7\u00e3o de quem o aplaudiu ironicamente, de quem burlou-se do estandarte do maior campe\u00e3o da capital federal. A regra \u00e9 clara. O m\u00e9rito \u00e9 honesto e medido.<\/p>\n\n\n\n<p>Essa coluna avisou, n\u00e3o de hoje, de besteiras anteriormente feitas e que j\u00e1 cansa de bater na mesma tecla. O autor das mesmas preferiu por um &#8220;Gran Finale&#8221; de cinema, alterando suspense por com\u00e9dia tr\u00e1gica. Divulgou uma escala\u00e7\u00e3o para manter sobrevida e entrou em campo morto. E, se houver responsabilidade no alviverde, sem emprego. Tchau, Senhor J\u00fanior.<\/p>\n\n\n\n<p>O caso do Brasiliense \u00e9 carta cantada h\u00e1 muito muito tempo. Ainda que a unidade atual seja regular para objetivos menores dos que o Jacar\u00e9 realmente necessita, os refor\u00e7os nem sempre condizem \u00e0 realidade. Via de regra, n\u00e3o ser\u00e1 de se estranhar se a t\u00f4nica se repetir na S\u00e9rie D nacional. Agora, tem que subir, hein. Ou vai mesmo deixar que 2025 seja um ano vazio passado o m\u00eas de mar\u00e7o? <\/p>\n\n\n\n<p>N\u00e3o \u00e9 mist\u00e9rio pra absolutamente ningu\u00e9m que v\u00ea um pouco de futebol (e compreende algumas entrelinhas b\u00e1sicas) que o clube auribranco tem totais condi\u00e7\u00f5es, mais at\u00e9 do que o dever de ascender. \u00c9 a esperan\u00e7a local h\u00e1 uma d\u00e9cada, sendo frustrada sempre e sem exce\u00e7\u00e3o. Claro, h\u00e1 que ver o que pode oferecer tamb\u00e9m o Real Bras\u00edlia, mas todos sabemos quem realmente pode. Em pessoa.<\/p>\n\n\n\n<p>Dito isso, a final est\u00e1 em boas m\u00e3os. Chegou quem deveria chegar. Por a\u00ed se diz que esta era a final que ningu\u00e9m queria, por faltar Brasiliense e Gama. A real \u00e9 que o futebol candango precisa de quem busque fazer algo. Basta de descartes \u00e0 hist\u00f3ria e \u00e0 camisa. Queremos gente que tente como o Ceil\u00e2ndia fez no ano passado e como o Capital parece fazer desde j\u00e1. Que pelo menos tente. Queremos ra\u00e7a, dos times todos.<\/p>\n","protected":false},"excerpt":{"rendered":"<p>Os dois maiores clubes do Distrito Federal perderam para si a vaga na final do Candang\u00e3o. Assim, n\u00e3o mais. Independentemente se havia um advers\u00e1rio potente do outro lado. N\u00e3o cumpriram com a obriga\u00e7\u00e3o. \u00c9, sim, um papel\u00e3o. E como j\u00e1 \u00e9 h\u00e1 tempos, hein. O esporte local n\u00e3o pode mais esperar por meros lampejos como [&hellip;]<\/p>\n","protected":false},"author":54,"featured_media":23087,"comment_status":"closed","ping_status":"closed","sticky":false,"template":"","format":"standard","meta":{"footnotes":""},"categories":[1029],"tags":[],"class_list":["post-25717","post","type-post","status-publish","format-standard","has-post-thumbnail","hentry","category-notatico"],"_links":{"self":[{"href":"https:\/\/www.esportesbrasilia.com.br\/noticias\/wp-json\/wp\/v2\/posts\/25717","targetHints":{"allow":["GET"]}}],"collection":[{"href":"https:\/\/www.esportesbrasilia.com.br\/noticias\/wp-json\/wp\/v2\/posts"}],"about":[{"href":"https:\/\/www.esportesbrasilia.com.br\/noticias\/wp-json\/wp\/v2\/types\/post"}],"author":[{"embeddable":true,"href":"https:\/\/www.esportesbrasilia.com.br\/noticias\/wp-json\/wp\/v2\/users\/54"}],"replies":[{"embeddable":true,"href":"https:\/\/www.esportesbrasilia.com.br\/noticias\/wp-json\/wp\/v2\/comments?post=25717"}],"version-history":[{"count":1,"href":"https:\/\/www.esportesbrasilia.com.br\/noticias\/wp-json\/wp\/v2\/posts\/25717\/revisions"}],"predecessor-version":[{"id":25718,"href":"https:\/\/www.esportesbrasilia.com.br\/noticias\/wp-json\/wp\/v2\/posts\/25717\/revisions\/25718"}],"wp:featuredmedia":[{"embeddable":true,"href":"https:\/\/www.esportesbrasilia.com.br\/noticias\/wp-json\/wp\/v2\/media\/23087"}],"wp:attachment":[{"href":"https:\/\/www.esportesbrasilia.com.br\/noticias\/wp-json\/wp\/v2\/media?parent=25717"}],"wp:term":[{"taxonomy":"category","embeddable":true,"href":"https:\/\/www.esportesbrasilia.com.br\/noticias\/wp-json\/wp\/v2\/categories?post=25717"},{"taxonomy":"post_tag","embeddable":true,"href":"https:\/\/www.esportesbrasilia.com.br\/noticias\/wp-json\/wp\/v2\/tags?post=25717"}],"curies":[{"name":"wp","href":"https:\/\/api.w.org\/{rel}","templated":true}]}}