{"id":25543,"date":"2024-03-05T14:52:34","date_gmt":"2024-03-05T17:52:34","guid":{"rendered":"https:\/\/www.esportesbrasilia.com.br\/noticias\/?p=25543"},"modified":"2024-03-05T22:23:20","modified_gmt":"2024-03-06T01:23:20","slug":"com-duas-torcidas-brasiliense-recebe-laudo-para-jogos-da-cbf-no-serejao","status":"publish","type":"post","link":"https:\/\/www.esportesbrasilia.com.br\/noticias\/futebol\/com-duas-torcidas-brasiliense-recebe-laudo-para-jogos-da-cbf-no-serejao.html","title":{"rendered":"Com duas torcidas, Brasiliense recebe laudo para jogos da CBF no Serej\u00e3o"},"content":{"rendered":"\n<p><strong>Foto: Lu\u00e3 Tomasson\/Brasiliense FC<\/strong><\/p>\n\n\n\n<p>Documento de libera\u00e7\u00e3o para uso em competi\u00e7\u00f5es nacionais foi recebido pelo time amarelo na noite desta segunda-feira (5). O laudo, agora, libera a recep\u00e7\u00e3o de duas torcidas no Est\u00e1dio Elmo Serejo Farias, bem como permite seu uso em jogos com o crivo da Confedera\u00e7\u00e3o Brasileira de Futebol (CBF).<\/p>\n\n\n\n<p>Ap\u00f3s cumprir crit\u00e9rios da entidade nacional, o Brasiliense tem tudo pronto para receber o Ceil\u00e2ndia, pelas oitavas de final da Copa Verde, nesta quinta-feira (7), \u00e0s 20h, com transmiss\u00e3o da <strong>Esportes Bras\u00edlia<\/strong>. Al\u00e9m da manuten\u00e7\u00e3o do setor de tribuna de honra e a entrada para aficionados e organizados no port\u00e3o frontal \u00e0 Via Est\u00e1dio, os torcedores do Ceil\u00e2ndia podem comparecer pela entrada \u00e0 direita dos setores anteriormente descritos.<\/p>\n\n\n\n<p>A documenta\u00e7\u00e3o chega dias depois da volta do p\u00fablico ao local, permitida pelas autoridades do Distrito Federal. Na ocasi\u00e3o, o Jacar\u00e9 bateu o Capital pelo placar m\u00ednimo e se aproximou da classifica\u00e7\u00e3o \u00e0s semifinais do Candang\u00e3o 2024, sendo a primeira vez jogando com p\u00fablico , em casa. Foram mil ingressos postos \u00e0 venda para um p\u00fablico total de 723.<\/p>\n\n\n\n<p>Com a libera\u00e7\u00e3o para at\u00e9 tr\u00eas mil espectadores, as vendas para o cl\u00e1ssico pelo campeonato regional ser\u00e3o anunciadas em breve pelo Ense. De igual forma, o jogo do dia 14 (tamb\u00e9m uma quinta-feira), contra o Crici\u00fama, pela segunda fase da Copa do Brasil, ainda tem local a definir, mas tende a ser confirmado para a Boca do Jacar\u00e9. Em ambos confrontos, o empate leva a defini\u00e7\u00e3o da vaga para os p\u00eanaltis.<\/p>\n","protected":false},"excerpt":{"rendered":"<p>Foto: Lu\u00e3 Tomasson\/Brasiliense FC Documento de libera\u00e7\u00e3o para uso em competi\u00e7\u00f5es nacionais foi recebido pelo time amarelo na noite desta segunda-feira (5). O laudo, agora, libera a recep\u00e7\u00e3o de duas torcidas no Est\u00e1dio Elmo Serejo Farias, bem como permite seu uso em jogos com o crivo da Confedera\u00e7\u00e3o Brasileira de Futebol (CBF). Ap\u00f3s cumprir crit\u00e9rios [&hellip;]<\/p>\n","protected":false},"author":54,"featured_media":22562,"comment_status":"closed","ping_status":"closed","sticky":false,"template":"","format":"standard","meta":{"footnotes":""},"categories":[8],"tags":[34,395,40,397],"class_list":["post-25543","post","type-post","status-publish","format-standard","has-post-thumbnail","hentry","category-futebol","tag-brasiliense","tag-cbf","tag-ceilandia","tag-copa-verde"],"_links":{"self":[{"href":"https:\/\/www.esportesbrasilia.com.br\/noticias\/wp-json\/wp\/v2\/posts\/25543","targetHints":{"allow":["GET"]}}],"collection":[{"href":"https:\/\/www.esportesbrasilia.com.br\/noticias\/wp-json\/wp\/v2\/posts"}],"about":[{"href":"https:\/\/www.esportesbrasilia.com.br\/noticias\/wp-json\/wp\/v2\/types\/post"}],"author":[{"embeddable":true,"href":"https:\/\/www.esportesbrasilia.com.br\/noticias\/wp-json\/wp\/v2\/users\/54"}],"replies":[{"embeddable":true,"href":"https:\/\/www.esportesbrasilia.com.br\/noticias\/wp-json\/wp\/v2\/comments?post=25543"}],"version-history":[{"count":2,"href":"https:\/\/www.esportesbrasilia.com.br\/noticias\/wp-json\/wp\/v2\/posts\/25543\/revisions"}],"predecessor-version":[{"id":25561,"href":"https:\/\/www.esportesbrasilia.com.br\/noticias\/wp-json\/wp\/v2\/posts\/25543\/revisions\/25561"}],"wp:featuredmedia":[{"embeddable":true,"href":"https:\/\/www.esportesbrasilia.com.br\/noticias\/wp-json\/wp\/v2\/media\/22562"}],"wp:attachment":[{"href":"https:\/\/www.esportesbrasilia.com.br\/noticias\/wp-json\/wp\/v2\/media?parent=25543"}],"wp:term":[{"taxonomy":"category","embeddable":true,"href":"https:\/\/www.esportesbrasilia.com.br\/noticias\/wp-json\/wp\/v2\/categories?post=25543"},{"taxonomy":"post_tag","embeddable":true,"href":"https:\/\/www.esportesbrasilia.com.br\/noticias\/wp-json\/wp\/v2\/tags?post=25543"}],"curies":[{"name":"wp","href":"https:\/\/api.w.org\/{rel}","templated":true}]}}