{"id":25454,"date":"2024-02-27T12:27:47","date_gmt":"2024-02-27T15:27:47","guid":{"rendered":"https:\/\/www.esportesbrasilia.com.br\/noticias\/?p=25454"},"modified":"2024-02-27T12:50:04","modified_gmt":"2024-02-27T15:50:04","slug":"ceilandia-confirma-jogo-da-copa-verde-no-bezerrao","status":"publish","type":"post","link":"https:\/\/www.esportesbrasilia.com.br\/noticias\/futebol\/ceilandia-confirma-jogo-da-copa-verde-no-bezerrao.html","title":{"rendered":"Ceil\u00e2ndia confirma jogo da Copa Verde no Bezerr\u00e3o"},"content":{"rendered":"\n<p>Ap\u00f3s entraves entre o clube candango e a Confedera\u00e7\u00e3o Brasileira de Futebol (CBF), o confronto candango da primeira fase tem local definido. A pouco mais de 24 horas antes do confronto contra o Real Bras\u00edlia pela primeira fase da Copa Verde, o duelo foi definido no est\u00e1dio gamense.<\/p>\n\n\n\n<p>Segundo o pr\u00f3prio time alvinegro, &#8220;houve uma pondera\u00e7\u00e3o na situa\u00e7\u00e3o porque o Ceil\u00e2ndia n\u00e3o sanou a tempo algumas pend\u00eancias&#8221;, ocasi\u00e3o explicada em <a href=\"https:\/\/www.instagram.com\/p\/C32vF6Msp_s\/?utm_source=ig_web_copy_link\" data-type=\"link\" data-id=\"https:\/\/www.instagram.com\/p\/C32vF6Msp_s\/?utm_source=ig_web_copy_link\" target=\"_blank\" rel=\"noreferrer noopener\">publica\u00e7\u00e3o oficial na manh\u00e3 desta ter\u00e7a-feira (27)<\/a>. A interven\u00e7\u00e3o direta do caso foi do presidente da Federa\u00e7\u00e3o de Futebol do Distrito Federal (FFDF), Daniel Vasconcelos.<\/p>\n\n\n\n<p>Nesta segunda-feira (26), o presidente do Gato Preto, Ari de Almeida, falou firmemente ao portal Distrito do Esporte em manter o duelo na cidade natal da institui\u00e7\u00e3o. &#8220;N\u00e3o abro m\u00e3o de jogar para os meus poucos, mas fi\u00e9is torcedores. Dou at\u00e9 W.O., mas l\u00e1 eu n\u00e3o vou jogar&#8221;, disse o executivo.<\/p>\n\n\n\n<p>Vale destacar que a CBF ainda n\u00e3o havia definido o local da estreia da competi\u00e7\u00e3o regional. A altera\u00e7\u00e3o de local se deve a crit\u00e9rios t\u00e9cnicos carentes no Maria de Lourdes Abadia que possuem o rec\u00e9m-reformado Bezerr\u00e3o. Confirmado o local do duelo, a estreia no torneio abre a hist\u00f3ria da breve chave candanga dentro das quatro linhas. O classificado enfrenta o Brasiliense nas oitavas de final da copa.<\/p>\n\n\n\n<p>O jogo tem transmiss\u00e3o exclusiva da Esportes Bras\u00edlia, para o r\u00e1dio, a partir das 15h. As vendas para ingressos ser\u00e3o realizados na bilheteria do est\u00e1dio, a R$ 20 em pre\u00e7o de inteira. A bola rola a partir das 15h30.<\/p>\n","protected":false},"excerpt":{"rendered":"<p>Ap\u00f3s entraves entre o clube candango e a Confedera\u00e7\u00e3o Brasileira de Futebol (CBF), o confronto candango da primeira fase tem local definido. A pouco mais de 24 horas antes do confronto contra o Real Bras\u00edlia pela primeira fase da Copa Verde, o duelo foi definido no est\u00e1dio gamense. Segundo o pr\u00f3prio time alvinegro, &#8220;houve uma [&hellip;]<\/p>\n","protected":false},"author":54,"featured_media":24738,"comment_status":"closed","ping_status":"closed","sticky":false,"template":"","format":"standard","meta":{"footnotes":""},"categories":[8],"tags":[56,40,397,1093],"class_list":["post-25454","post","type-post","status-publish","format-standard","has-post-thumbnail","hentry","category-futebol","tag-bezerrao","tag-ceilandia","tag-copa-verde","tag-real-brasilia-2"],"_links":{"self":[{"href":"https:\/\/www.esportesbrasilia.com.br\/noticias\/wp-json\/wp\/v2\/posts\/25454","targetHints":{"allow":["GET"]}}],"collection":[{"href":"https:\/\/www.esportesbrasilia.com.br\/noticias\/wp-json\/wp\/v2\/posts"}],"about":[{"href":"https:\/\/www.esportesbrasilia.com.br\/noticias\/wp-json\/wp\/v2\/types\/post"}],"author":[{"embeddable":true,"href":"https:\/\/www.esportesbrasilia.com.br\/noticias\/wp-json\/wp\/v2\/users\/54"}],"replies":[{"embeddable":true,"href":"https:\/\/www.esportesbrasilia.com.br\/noticias\/wp-json\/wp\/v2\/comments?post=25454"}],"version-history":[{"count":9,"href":"https:\/\/www.esportesbrasilia.com.br\/noticias\/wp-json\/wp\/v2\/posts\/25454\/revisions"}],"predecessor-version":[{"id":25465,"href":"https:\/\/www.esportesbrasilia.com.br\/noticias\/wp-json\/wp\/v2\/posts\/25454\/revisions\/25465"}],"wp:featuredmedia":[{"embeddable":true,"href":"https:\/\/www.esportesbrasilia.com.br\/noticias\/wp-json\/wp\/v2\/media\/24738"}],"wp:attachment":[{"href":"https:\/\/www.esportesbrasilia.com.br\/noticias\/wp-json\/wp\/v2\/media?parent=25454"}],"wp:term":[{"taxonomy":"category","embeddable":true,"href":"https:\/\/www.esportesbrasilia.com.br\/noticias\/wp-json\/wp\/v2\/categories?post=25454"},{"taxonomy":"post_tag","embeddable":true,"href":"https:\/\/www.esportesbrasilia.com.br\/noticias\/wp-json\/wp\/v2\/tags?post=25454"}],"curies":[{"name":"wp","href":"https:\/\/api.w.org\/{rel}","templated":true}]}}