{"id":25406,"date":"2024-02-20T21:42:27","date_gmt":"2024-02-21T00:42:27","guid":{"rendered":"https:\/\/www.esportesbrasilia.com.br\/noticias\/?p=25406"},"modified":"2024-02-20T21:42:29","modified_gmt":"2024-02-21T00:42:29","slug":"samambaia-e-brasiliense-anunciam-reforcos-para-a-sequencia-da-temporada-2024","status":"publish","type":"post","link":"https:\/\/www.esportesbrasilia.com.br\/noticias\/futebol\/samambaia-e-brasiliense-anunciam-reforcos-para-a-sequencia-da-temporada-2024.html","title":{"rendered":"Samambaia e Brasiliense anunciam refor\u00e7os para a sequ\u00eancia da temporada 2024"},"content":{"rendered":"\n<p>Duas equipes anunciaram,  nesta ter\u00e7a-feira (20), contrata\u00e7\u00f5es para a continuidade da temporada 2024. Samambaia, atual sexto colocado do Candang\u00e3o 2024, e Brasiliense, na quinta posi\u00e7\u00e3o, ter\u00e3o novos jogadores para os elencos.<\/p>\n\n\n\n<p>O Cachorro Salsicha anunciou a chegada do atacante Rony, de 20 anos. Rony foi o artilheiro do Candang\u00e3o Sub-20 em 2023, atuando com a camisa do Cana\u00e3 Esporte Clube.<\/p>\n\n\n\n<p>J\u00e1 o Jacar\u00e9 trouxe um goleiro conhecido do futebol candango: Matheus Kayser, de 29 anos, que teve importante passagem pelo Ceil\u00e2ndia na caminhada da S\u00e9rie D do ano passado e em 2022. O contrato de Kayser j\u00e1 est\u00e1 no BID-E da CBF e ele j\u00e1 est\u00e1 \u00e0 disposi\u00e7\u00e3o do t\u00e9cnico Vilson Taddei.<\/p>\n\n\n\n<p>O Samambaia entra em campo pelo Candang\u00e3o no s\u00e1bado (24), \u00e0s 16h, para enfrentar o Ceil\u00e2ndia, no est\u00e1dio Serej\u00e3o, em Taguatinga, com transmiss\u00e3o da <strong>Esportes Bras\u00edlia<\/strong>. J\u00e1 o Brasiliense atua pelo certame local no domingo (25), \u00e0s 15h30, contra o Planaltina, no est\u00e1dio Roriz\u00e3o, em Samambaia.<\/p>\n\n\n\n<p>Mas antes, o Jacar\u00e9 encara o Itabaiana\/SE pela Copa do Brasil. A bola rola nesta quarta-feira (21), \u00e0s 19h30, com transmiss\u00e3o da <strong>EB<\/strong>.<\/p>\n","protected":false},"excerpt":{"rendered":"<p>Duas equipes anunciaram, nesta ter\u00e7a-feira (20), contrata\u00e7\u00f5es para a continuidade da temporada 2024. Samambaia, atual sexto colocado do Candang\u00e3o 2024, e Brasiliense, na quinta posi\u00e7\u00e3o, ter\u00e3o novos jogadores para os elencos. O Cachorro Salsicha anunciou a chegada do atacante Rony, de 20 anos. Rony foi o artilheiro do Candang\u00e3o Sub-20 em 2023, atuando com a [&hellip;]<\/p>\n","protected":false},"author":2,"featured_media":21564,"comment_status":"closed","ping_status":"closed","sticky":false,"template":"","format":"standard","meta":{"footnotes":""},"categories":[8],"tags":[],"class_list":["post-25406","post","type-post","status-publish","format-standard","has-post-thumbnail","hentry","category-futebol"],"_links":{"self":[{"href":"https:\/\/www.esportesbrasilia.com.br\/noticias\/wp-json\/wp\/v2\/posts\/25406","targetHints":{"allow":["GET"]}}],"collection":[{"href":"https:\/\/www.esportesbrasilia.com.br\/noticias\/wp-json\/wp\/v2\/posts"}],"about":[{"href":"https:\/\/www.esportesbrasilia.com.br\/noticias\/wp-json\/wp\/v2\/types\/post"}],"author":[{"embeddable":true,"href":"https:\/\/www.esportesbrasilia.com.br\/noticias\/wp-json\/wp\/v2\/users\/2"}],"replies":[{"embeddable":true,"href":"https:\/\/www.esportesbrasilia.com.br\/noticias\/wp-json\/wp\/v2\/comments?post=25406"}],"version-history":[{"count":1,"href":"https:\/\/www.esportesbrasilia.com.br\/noticias\/wp-json\/wp\/v2\/posts\/25406\/revisions"}],"predecessor-version":[{"id":25407,"href":"https:\/\/www.esportesbrasilia.com.br\/noticias\/wp-json\/wp\/v2\/posts\/25406\/revisions\/25407"}],"wp:featuredmedia":[{"embeddable":true,"href":"https:\/\/www.esportesbrasilia.com.br\/noticias\/wp-json\/wp\/v2\/media\/21564"}],"wp:attachment":[{"href":"https:\/\/www.esportesbrasilia.com.br\/noticias\/wp-json\/wp\/v2\/media?parent=25406"}],"wp:term":[{"taxonomy":"category","embeddable":true,"href":"https:\/\/www.esportesbrasilia.com.br\/noticias\/wp-json\/wp\/v2\/categories?post=25406"},{"taxonomy":"post_tag","embeddable":true,"href":"https:\/\/www.esportesbrasilia.com.br\/noticias\/wp-json\/wp\/v2\/tags?post=25406"}],"curies":[{"name":"wp","href":"https:\/\/api.w.org\/{rel}","templated":true}]}}