{"id":25389,"date":"2024-02-16T12:00:16","date_gmt":"2024-02-16T15:00:16","guid":{"rendered":"https:\/\/www.esportesbrasilia.com.br\/noticias\/?p=25389"},"modified":"2024-02-16T12:00:16","modified_gmt":"2024-02-16T15:00:16","slug":"partida-do-brasiliense-na-copa-do-brasil-muda-de-sede-em-sergipe","status":"publish","type":"post","link":"https:\/\/www.esportesbrasilia.com.br\/noticias\/futebol\/partida-do-brasiliense-na-copa-do-brasil-muda-de-sede-em-sergipe.html","title":{"rendered":"Partida do Brasiliense na Copa do Brasil muda de sede em Sergipe"},"content":{"rendered":"\n<p>O Itabaiana\/SE, time que enfrentar\u00e1 o Brasiliense na primeira fase da Copa do Brasil, sediaria a partida inicial da competi\u00e7\u00e3o no est\u00e1dio Lourival Baptista, o Batist\u00e3o, em Aracaju, na pr\u00f3xima quarta-feira (21).<\/p>\n\n\n\n<p>No entanto, a equipe sergipana conseguiu os laudos do est\u00e1dio Paulo Barreto, o Barret\u00e3o. Com isso, o jogo entre Itabaiana e Brasiliense ocorrer\u00e1 na cidade de Lagarto\/SE. A Confedera\u00e7\u00e3o Brasileira de Futebol j\u00e1 oficializou a mudan\u00e7a.<\/p>\n\n\n\n<figure class=\"wp-block-image size-large\"><img loading=\"lazy\" decoding=\"async\" width=\"1024\" height=\"682\" src=\"https:\/\/www.esportesbrasilia.com.br\/noticias\/wp-content\/uploads\/estadiobarretao-1024x682.jpeg\" alt=\"\" class=\"wp-image-25390\" srcset=\"https:\/\/www.esportesbrasilia.com.br\/noticias\/wp-content\/uploads\/estadiobarretao-1024x682.jpeg 1024w, https:\/\/www.esportesbrasilia.com.br\/noticias\/wp-content\/uploads\/estadiobarretao-300x200.jpeg 300w, https:\/\/www.esportesbrasilia.com.br\/noticias\/wp-content\/uploads\/estadiobarretao-768x511.jpeg 768w, https:\/\/www.esportesbrasilia.com.br\/noticias\/wp-content\/uploads\/estadiobarretao.jpeg 1200w\" sizes=\"auto, (max-width: 1024px) 100vw, 1024px\" \/><figcaption class=\"wp-element-caption\">Foto: Portal Lagartense\/Reprodu\u00e7\u00e3o<\/figcaption><\/figure>\n\n\n\n<p>O hor\u00e1rio est\u00e1 mantido: 19h30 do dia 21 de fevereiro. Pelo regulamento da Copa do Brasil, o Jacar\u00e9 garante a vaga na segunda fase com um simples empate. Ao Itabaiana, s\u00f3 a vit\u00f3ria interessa.<\/p>\n","protected":false},"excerpt":{"rendered":"<p>O Itabaiana\/SE, time que enfrentar\u00e1 o Brasiliense na primeira fase da Copa do Brasil, sediaria a partida inicial da competi\u00e7\u00e3o no est\u00e1dio Lourival Baptista, o Batist\u00e3o, em Aracaju, na pr\u00f3xima quarta-feira (21). No entanto, a equipe sergipana conseguiu os laudos do est\u00e1dio Paulo Barreto, o Barret\u00e3o. Com isso, o jogo entre Itabaiana e Brasiliense ocorrer\u00e1 [&hellip;]<\/p>\n","protected":false},"author":2,"featured_media":23279,"comment_status":"closed","ping_status":"closed","sticky":false,"template":"","format":"standard","meta":{"footnotes":""},"categories":[8],"tags":[],"class_list":["post-25389","post","type-post","status-publish","format-standard","has-post-thumbnail","hentry","category-futebol"],"_links":{"self":[{"href":"https:\/\/www.esportesbrasilia.com.br\/noticias\/wp-json\/wp\/v2\/posts\/25389","targetHints":{"allow":["GET"]}}],"collection":[{"href":"https:\/\/www.esportesbrasilia.com.br\/noticias\/wp-json\/wp\/v2\/posts"}],"about":[{"href":"https:\/\/www.esportesbrasilia.com.br\/noticias\/wp-json\/wp\/v2\/types\/post"}],"author":[{"embeddable":true,"href":"https:\/\/www.esportesbrasilia.com.br\/noticias\/wp-json\/wp\/v2\/users\/2"}],"replies":[{"embeddable":true,"href":"https:\/\/www.esportesbrasilia.com.br\/noticias\/wp-json\/wp\/v2\/comments?post=25389"}],"version-history":[{"count":1,"href":"https:\/\/www.esportesbrasilia.com.br\/noticias\/wp-json\/wp\/v2\/posts\/25389\/revisions"}],"predecessor-version":[{"id":25391,"href":"https:\/\/www.esportesbrasilia.com.br\/noticias\/wp-json\/wp\/v2\/posts\/25389\/revisions\/25391"}],"wp:featuredmedia":[{"embeddable":true,"href":"https:\/\/www.esportesbrasilia.com.br\/noticias\/wp-json\/wp\/v2\/media\/23279"}],"wp:attachment":[{"href":"https:\/\/www.esportesbrasilia.com.br\/noticias\/wp-json\/wp\/v2\/media?parent=25389"}],"wp:term":[{"taxonomy":"category","embeddable":true,"href":"https:\/\/www.esportesbrasilia.com.br\/noticias\/wp-json\/wp\/v2\/categories?post=25389"},{"taxonomy":"post_tag","embeddable":true,"href":"https:\/\/www.esportesbrasilia.com.br\/noticias\/wp-json\/wp\/v2\/tags?post=25389"}],"curies":[{"name":"wp","href":"https:\/\/api.w.org\/{rel}","templated":true}]}}