{"id":2536,"date":"2016-08-01T10:47:27","date_gmt":"2016-08-01T13:47:27","guid":{"rendered":"http:\/\/www.esportesbrasilia.com.br\/noticias\/?p=2536"},"modified":"2016-08-01T10:48:16","modified_gmt":"2016-08-01T13:48:16","slug":"weverton-e-convocado-para-substituir-fernando-prass","status":"publish","type":"post","link":"https:\/\/www.esportesbrasilia.com.br\/noticias\/rio2016\/weverton-e-convocado-para-substituir-fernando-prass.html","title":{"rendered":"Weverton \u00e9 convocado para substituir Fernando Prass"},"content":{"rendered":"<p>Fonte: Ag\u00eancia Brasil<\/p>\n<p>A Confedera\u00e7\u00e3o Brasileira de Futebol divulgou neste domingo (31), em seu <em>site <\/em>oficial, que o goleiro do Atl\u00e9tico Paranaense, Weverton, foi escolhido pelo t\u00e9cnico da sele\u00e7\u00e3o ol\u00edmpica de futebol masculino, Rog\u00e9rio Micale, para substituir Fernando Prass, que foi cortado ap\u00f3s uma les\u00e3o em seu cotovelo direito.<\/p>\n<p>Fernando Prass, jogador do Palmeiras, foi cortado da sele\u00e7\u00e3o nesse s\u00e1bado (30). Durante o aquecimento para o jogo contra o Jap\u00e3o, Prass sentiu dores no cotovelo direito. Uma les\u00e3o foi constatada em exames feitos ap\u00f3s a partida.<\/p>\n<div id=\"attachment_2537\" style=\"width: 630px\" class=\"wp-caption aligncenter\"><img loading=\"lazy\" decoding=\"async\" aria-describedby=\"caption-attachment-2537\" class=\"size-full wp-image-2537\" src=\"https:\/\/www.esportesbrasilia.com.br\/noticias\/wp-content\/uploads\/weverton_gustavooliveira_sitecap.jpg\" alt=\"Goleiro do Atl\u00e9tico Paranaense, Weverton substituir\u00e1 Fernando Prass, do Palmeiras, que sofreu uma les\u00e3o no cotovelo - Foto: Gustavo Oliveira\/Site Oficial Atl\u00e9tico Paranaense\" width=\"620\" height=\"430\" srcset=\"https:\/\/www.esportesbrasilia.com.br\/noticias\/wp-content\/uploads\/weverton_gustavooliveira_sitecap.jpg 620w, https:\/\/www.esportesbrasilia.com.br\/noticias\/wp-content\/uploads\/weverton_gustavooliveira_sitecap-300x208.jpg 300w, https:\/\/www.esportesbrasilia.com.br\/noticias\/wp-content\/uploads\/weverton_gustavooliveira_sitecap-100x70.jpg 100w, https:\/\/www.esportesbrasilia.com.br\/noticias\/wp-content\/uploads\/weverton_gustavooliveira_sitecap-218x150.jpg 218w, https:\/\/www.esportesbrasilia.com.br\/noticias\/wp-content\/uploads\/weverton_gustavooliveira_sitecap-606x420.jpg 606w\" sizes=\"auto, (max-width: 620px) 100vw, 620px\" \/><p id=\"caption-attachment-2537\" class=\"wp-caption-text\">Goleiro do Atl\u00e9tico Paranaense, Weverton substituir\u00e1 Fernando Prass, do Palmeiras, que sofreu uma les\u00e3o no cotovelo &#8211; Foto: Gustavo Oliveira\/Site Oficial Atl\u00e9tico Paranaense<\/p><\/div>\n<p>Weverton tem 28 anos e est\u00e1 no clube paranaense desde 2012. &#8220;Estou muito feliz. A ficha ainda est\u00e1 caindo&#8221;, disse o jogador ao <em>site <\/em>oficial do Atl\u00e9tico Paranaense. &#8220;Trabalhamos sempre com a expectativa de que isto possa acontecer&#8221;.<\/p>\n","protected":false},"excerpt":{"rendered":"<p>Fonte: Ag\u00eancia Brasil A Confedera\u00e7\u00e3o Brasileira de Futebol divulgou neste domingo (31), em seu site oficial, que o goleiro do Atl\u00e9tico Paranaense, Weverton, foi escolhido pelo t\u00e9cnico da sele\u00e7\u00e3o ol\u00edmpica de futebol masculino, Rog\u00e9rio Micale, para substituir Fernando Prass, que foi cortado ap\u00f3s uma les\u00e3o em seu cotovelo direito. Fernando Prass, jogador do Palmeiras, foi [&hellip;]<\/p>\n","protected":false},"author":1,"featured_media":2537,"comment_status":"open","ping_status":"closed","sticky":false,"template":"","format":"standard","meta":{"footnotes":""},"categories":[28],"tags":[],"class_list":["post-2536","post","type-post","status-publish","format-standard","has-post-thumbnail","hentry","category-rio2016"],"_links":{"self":[{"href":"https:\/\/www.esportesbrasilia.com.br\/noticias\/wp-json\/wp\/v2\/posts\/2536","targetHints":{"allow":["GET"]}}],"collection":[{"href":"https:\/\/www.esportesbrasilia.com.br\/noticias\/wp-json\/wp\/v2\/posts"}],"about":[{"href":"https:\/\/www.esportesbrasilia.com.br\/noticias\/wp-json\/wp\/v2\/types\/post"}],"author":[{"embeddable":true,"href":"https:\/\/www.esportesbrasilia.com.br\/noticias\/wp-json\/wp\/v2\/users\/1"}],"replies":[{"embeddable":true,"href":"https:\/\/www.esportesbrasilia.com.br\/noticias\/wp-json\/wp\/v2\/comments?post=2536"}],"version-history":[{"count":2,"href":"https:\/\/www.esportesbrasilia.com.br\/noticias\/wp-json\/wp\/v2\/posts\/2536\/revisions"}],"predecessor-version":[{"id":2539,"href":"https:\/\/www.esportesbrasilia.com.br\/noticias\/wp-json\/wp\/v2\/posts\/2536\/revisions\/2539"}],"wp:featuredmedia":[{"embeddable":true,"href":"https:\/\/www.esportesbrasilia.com.br\/noticias\/wp-json\/wp\/v2\/media\/2537"}],"wp:attachment":[{"href":"https:\/\/www.esportesbrasilia.com.br\/noticias\/wp-json\/wp\/v2\/media?parent=2536"}],"wp:term":[{"taxonomy":"category","embeddable":true,"href":"https:\/\/www.esportesbrasilia.com.br\/noticias\/wp-json\/wp\/v2\/categories?post=2536"},{"taxonomy":"post_tag","embeddable":true,"href":"https:\/\/www.esportesbrasilia.com.br\/noticias\/wp-json\/wp\/v2\/tags?post=2536"}],"curies":[{"name":"wp","href":"https:\/\/api.w.org\/{rel}","templated":true}]}}