{"id":25342,"date":"2024-02-09T21:49:29","date_gmt":"2024-02-10T00:49:29","guid":{"rendered":"https:\/\/www.esportesbrasilia.com.br\/noticias\/?p=25342"},"modified":"2024-02-09T21:54:07","modified_gmt":"2024-02-10T00:54:07","slug":"cbf-divulga-tabela-oficial-da-copa-do-brasil-2024-candangos-estreiam-em-12-dias","status":"publish","type":"post","link":"https:\/\/www.esportesbrasilia.com.br\/noticias\/futebol\/cbf-divulga-tabela-oficial-da-copa-do-brasil-2024-candangos-estreiam-em-12-dias.html","title":{"rendered":"CBF divulga tabela oficial da Copa do Brasil 2024. Candangos estreiam em 12 dias"},"content":{"rendered":"\n<p>A Confedera\u00e7\u00e3o Brasileira de Futebol divulgou, na noite desta sexta-feira (09), a tabela oficial da Copa do Brasil 2024. Na competi\u00e7\u00e3o deste ano, o Distrito Federal ter\u00e1 dois representantes: o Real Bras\u00edlia, atual campe\u00e3o candango, e o Brasiliense, vice-campe\u00e3o em 2023.<\/p>\n\n\n\n<p>O Real Bras\u00edlia dar\u00e1 a largada na competi\u00e7\u00e3o no dia 21 de fevereiro, uma quarta-feira, \u00e0s 15h30, diante do S\u00e3o Raimundo\/RR. A bola vai rolar, <a href=\"https:\/\/www.esportesbrasilia.com.br\/noticias\/futebol\/tjdft-suspende-liminar-do-real-brasilia-e-estadio-ciro-machado-pode-ficar-sem-receber-jogos.html\" data-type=\"post\" data-id=\"25305\">apesar da decis\u00e3o da Justi\u00e7a de proibi\u00e7\u00e3o<\/a>, no est\u00e1dio Ciro Machado do Esp\u00edrito Santo, o Defel\u00ea.<\/p>\n\n\n\n<p>J\u00e1 o Brasiliense estreia no certame quatro horas depois. \u00c0s 19h30, o Jacar\u00e9 enfrenta o Itabaiana\/SE no est\u00e1dio Lourival Baptista, em Aracaju\/SE.<\/p>\n\n\n\n<p>Vale lembrar que, de acordo com o regulamento da Copa do Brasil, S\u00e3o Raimundo e Brasiliense t\u00eam a vantagem do empate nos 90 minutos de jogo. As primeira e segunda fases s\u00e3o disputadas em jogo \u00fanico. No entanto, na segunda fase, em caso de empate no tempo normal, a decis\u00e3o ser\u00e1 nos p\u00eanaltis.<\/p>\n\n\n\n<p>Quem vencer de Real Bras\u00edlia e S\u00e3o Raimundo enfrenta Uni\u00e3o Rondon\u00f3polis\/MT ou Atl\u00e9tico Goianiense\/GO. J\u00e1 quem passar de Itabaiana e Brasiliense, enfrentar\u00e1 Oper\u00e1rio\/MT ou Crici\u00fama\/SC.<\/p>\n","protected":false},"excerpt":{"rendered":"<p>A Confedera\u00e7\u00e3o Brasileira de Futebol divulgou, na noite desta sexta-feira (09), a tabela oficial da Copa do Brasil 2024. Na competi\u00e7\u00e3o deste ano, o Distrito Federal ter\u00e1 dois representantes: o Real Bras\u00edlia, atual campe\u00e3o candango, e o Brasiliense, vice-campe\u00e3o em 2023. O Real Bras\u00edlia dar\u00e1 a largada na competi\u00e7\u00e3o no dia 21 de fevereiro, uma [&hellip;]<\/p>\n","protected":false},"author":2,"featured_media":23279,"comment_status":"closed","ping_status":"closed","sticky":false,"template":"","format":"standard","meta":{"footnotes":""},"categories":[8],"tags":[],"class_list":["post-25342","post","type-post","status-publish","format-standard","has-post-thumbnail","hentry","category-futebol"],"_links":{"self":[{"href":"https:\/\/www.esportesbrasilia.com.br\/noticias\/wp-json\/wp\/v2\/posts\/25342","targetHints":{"allow":["GET"]}}],"collection":[{"href":"https:\/\/www.esportesbrasilia.com.br\/noticias\/wp-json\/wp\/v2\/posts"}],"about":[{"href":"https:\/\/www.esportesbrasilia.com.br\/noticias\/wp-json\/wp\/v2\/types\/post"}],"author":[{"embeddable":true,"href":"https:\/\/www.esportesbrasilia.com.br\/noticias\/wp-json\/wp\/v2\/users\/2"}],"replies":[{"embeddable":true,"href":"https:\/\/www.esportesbrasilia.com.br\/noticias\/wp-json\/wp\/v2\/comments?post=25342"}],"version-history":[{"count":3,"href":"https:\/\/www.esportesbrasilia.com.br\/noticias\/wp-json\/wp\/v2\/posts\/25342\/revisions"}],"predecessor-version":[{"id":25345,"href":"https:\/\/www.esportesbrasilia.com.br\/noticias\/wp-json\/wp\/v2\/posts\/25342\/revisions\/25345"}],"wp:featuredmedia":[{"embeddable":true,"href":"https:\/\/www.esportesbrasilia.com.br\/noticias\/wp-json\/wp\/v2\/media\/23279"}],"wp:attachment":[{"href":"https:\/\/www.esportesbrasilia.com.br\/noticias\/wp-json\/wp\/v2\/media?parent=25342"}],"wp:term":[{"taxonomy":"category","embeddable":true,"href":"https:\/\/www.esportesbrasilia.com.br\/noticias\/wp-json\/wp\/v2\/categories?post=25342"},{"taxonomy":"post_tag","embeddable":true,"href":"https:\/\/www.esportesbrasilia.com.br\/noticias\/wp-json\/wp\/v2\/tags?post=25342"}],"curies":[{"name":"wp","href":"https:\/\/api.w.org\/{rel}","templated":true}]}}