{"id":25330,"date":"2024-02-07T23:04:01","date_gmt":"2024-02-08T02:04:01","guid":{"rendered":"https:\/\/www.esportesbrasilia.com.br\/noticias\/?p=25330"},"modified":"2024-02-14T00:04:05","modified_gmt":"2024-02-14T03:04:05","slug":"luis-dos-reis-e-demitido-do-brasiliense-apos-derrota-no-classico","status":"publish","type":"post","link":"https:\/\/www.esportesbrasilia.com.br\/noticias\/futebol\/luis-dos-reis-e-demitido-do-brasiliense-apos-derrota-no-classico.html","title":{"rendered":"Luis dos Reis \u00e9 demitido do Brasiliense ap\u00f3s derrota no cl\u00e1ssico"},"content":{"rendered":"\n<p>A reportagem da <strong>Esportes Bras\u00edlia<\/strong> apurou que, t\u00e3o logo acabou o jogo entre Gama e Brasiliense, vencido pelo alviverde por 2&#215;0, a diretoria do Brasiliense optou por demitir o t\u00e9cnico Luis dos Reis.<\/p>\n\n\n\n<p>Luis esteve no Brasiliense durante 33 partidas e obteve 55% de aproveitamento: foram 15 vit\u00f3rias, dez empates e oito derrotas.<\/p>\n\n\n\n<p>O pr\u00f3ximo jogo do Brasiliense acontece no dia 14 de fevereiro, na quarta-feira de Cinzas. A partida ser\u00e1 contra o Real Bras\u00edlia, no est\u00e1dio Abadi\u00e3o.<\/p>\n","protected":false},"excerpt":{"rendered":"<p>A reportagem da Esportes Bras\u00edlia apurou que, t\u00e3o logo acabou o jogo entre Gama e Brasiliense, vencido pelo alviverde por 2&#215;0, a diretoria do Brasiliense optou por demitir o t\u00e9cnico Luis dos Reis. Luis esteve no Brasiliense durante 33 partidas e obteve 55% de aproveitamento: foram 15 vit\u00f3rias, dez empates e oito derrotas. O pr\u00f3ximo [&hellip;]<\/p>\n","protected":false},"author":1,"featured_media":25333,"comment_status":"closed","ping_status":"closed","sticky":false,"template":"","format":"standard","meta":{"footnotes":""},"categories":[8],"tags":[],"class_list":["post-25330","post","type-post","status-publish","format-standard","has-post-thumbnail","hentry","category-futebol"],"_links":{"self":[{"href":"https:\/\/www.esportesbrasilia.com.br\/noticias\/wp-json\/wp\/v2\/posts\/25330","targetHints":{"allow":["GET"]}}],"collection":[{"href":"https:\/\/www.esportesbrasilia.com.br\/noticias\/wp-json\/wp\/v2\/posts"}],"about":[{"href":"https:\/\/www.esportesbrasilia.com.br\/noticias\/wp-json\/wp\/v2\/types\/post"}],"author":[{"embeddable":true,"href":"https:\/\/www.esportesbrasilia.com.br\/noticias\/wp-json\/wp\/v2\/users\/1"}],"replies":[{"embeddable":true,"href":"https:\/\/www.esportesbrasilia.com.br\/noticias\/wp-json\/wp\/v2\/comments?post=25330"}],"version-history":[{"count":2,"href":"https:\/\/www.esportesbrasilia.com.br\/noticias\/wp-json\/wp\/v2\/posts\/25330\/revisions"}],"predecessor-version":[{"id":25375,"href":"https:\/\/www.esportesbrasilia.com.br\/noticias\/wp-json\/wp\/v2\/posts\/25330\/revisions\/25375"}],"wp:featuredmedia":[{"embeddable":true,"href":"https:\/\/www.esportesbrasilia.com.br\/noticias\/wp-json\/wp\/v2\/media\/25333"}],"wp:attachment":[{"href":"https:\/\/www.esportesbrasilia.com.br\/noticias\/wp-json\/wp\/v2\/media?parent=25330"}],"wp:term":[{"taxonomy":"category","embeddable":true,"href":"https:\/\/www.esportesbrasilia.com.br\/noticias\/wp-json\/wp\/v2\/categories?post=25330"},{"taxonomy":"post_tag","embeddable":true,"href":"https:\/\/www.esportesbrasilia.com.br\/noticias\/wp-json\/wp\/v2\/tags?post=25330"}],"curies":[{"name":"wp","href":"https:\/\/api.w.org\/{rel}","templated":true}]}}