{"id":2532,"date":"2016-08-01T10:39:03","date_gmt":"2016-08-01T13:39:03","guid":{"rendered":"http:\/\/www.esportesbrasilia.com.br\/noticias\/?p=2532"},"modified":"2016-08-01T10:39:03","modified_gmt":"2016-08-01T13:39:03","slug":"selecao-brasileira-de-futebol-masculino-chega-a-brasilia-para-olimpiada","status":"publish","type":"post","link":"https:\/\/www.esportesbrasilia.com.br\/noticias\/rio2016\/selecao-brasileira-de-futebol-masculino-chega-a-brasilia-para-olimpiada.html","title":{"rendered":"Sele\u00e7\u00e3o brasileira de futebol masculino chega a Bras\u00edlia para Olimp\u00edada"},"content":{"rendered":"<p>Fonte: Ag\u00eancia Bras\u00edlia<\/p>\n<p>Chegaram a Bras\u00edlia, na noite deste domingo (31), 17 jogadores da sele\u00e7\u00e3o brasileira masculina de futebol que disputar\u00e3o os jogos da Olimp\u00edada no Est\u00e1dio Nacional de Bras\u00edlia Man\u00e9 Garrincha. Em busca do primeiro ouro ol\u00edmpico, o time comandado pelo t\u00e9cnico Rog\u00e9rio Micale estrear\u00e1 nesta quinta-feira (4), \u00e0s 16 horas, contra a \u00c1frica do Sul.<\/p>\n<p>A equipe nacional tem tr\u00eas pratas (Londres-2012, Seul-1998 e Los Angeles-1994) e dois bronzes (Pequim-2008 e Atlanta-1996) em jogos ol\u00edmpicos. O goleiro Weverton, do Atl\u00e9tico Paranaense \u2014 substitui Fernando Prass, cortado ap\u00f3s ser confirmada uma les\u00e3o em seu cotovelo direito \u2014 chega a Bras\u00edlia amanh\u00e3.<\/p>\n<div id=\"attachment_2533\" style=\"width: 650px\" class=\"wp-caption aligncenter\"><img loading=\"lazy\" decoding=\"async\" aria-describedby=\"caption-attachment-2533\" class=\"size-large wp-image-2533\" src=\"https:\/\/www.esportesbrasilia.com.br\/noticias\/wp-content\/uploads\/neymar_renatoaraujo_agbsb-1024x680.jpg\" alt=\"Neymar \u00e9 uma das esperan\u00e7as brasileiras nos Jogos Ol\u00edmpicos Rio 2016 - Foto: Renato Ara\u00fajo\/Ag\u00eancia Bras\u00edlia\" width=\"640\" height=\"425\" srcset=\"https:\/\/www.esportesbrasilia.com.br\/noticias\/wp-content\/uploads\/neymar_renatoaraujo_agbsb-1024x680.jpg 1024w, https:\/\/www.esportesbrasilia.com.br\/noticias\/wp-content\/uploads\/neymar_renatoaraujo_agbsb-300x199.jpg 300w, https:\/\/www.esportesbrasilia.com.br\/noticias\/wp-content\/uploads\/neymar_renatoaraujo_agbsb-768x510.jpg 768w, https:\/\/www.esportesbrasilia.com.br\/noticias\/wp-content\/uploads\/neymar_renatoaraujo_agbsb-696x462.jpg 696w, https:\/\/www.esportesbrasilia.com.br\/noticias\/wp-content\/uploads\/neymar_renatoaraujo_agbsb-1068x709.jpg 1068w, https:\/\/www.esportesbrasilia.com.br\/noticias\/wp-content\/uploads\/neymar_renatoaraujo_agbsb-632x420.jpg 632w, https:\/\/www.esportesbrasilia.com.br\/noticias\/wp-content\/uploads\/neymar_renatoaraujo_agbsb.jpg 2048w\" sizes=\"auto, (max-width: 640px) 100vw, 640px\" \/><p id=\"caption-attachment-2533\" class=\"wp-caption-text\">Neymar \u00e9 uma das esperan\u00e7as brasileiras nos Jogos Ol\u00edmpicos Rio 2016 &#8211; Foto: Renato Ara\u00fajo\/Ag\u00eancia Bras\u00edlia<\/p><\/div>\n<p>O primeiro treino da equipe ocorrer\u00e1 nesta segunda-feira (1\u00b0), no Centro de Capacita\u00e7\u00e3o F\u00edsica do Corpo de Bombeiros do Distrito Federal (Setor Policial Sul). Antes do primeiro jogo, em 3 de agosto, os atletas treinam no Est\u00e1dio Bezerr\u00e3o, no Gama, de acordo com programa\u00e7\u00e3o divulgado pela Confedera\u00e7\u00e3o Brasileira de Futebol.<\/p>\n<p>Antes de desembarcar na capital, os jogadores estavam em Goi\u00e2nia, onde venceram o Jap\u00e3o por 2 a 0 no amistoso que ocorreu no s\u00e1bado (30), no Est\u00e1dio Serra Dourada. Depois da partida contra a \u00c1frica do Sul, a equipe disputar\u00e1 outro jogo na capital federal, tr\u00eas dias depois, em 7 de agosto, contra o Iraque, \u00e0s 22 horas, pela segunda rodada.<\/p>\n<p>Os atletas brasileiros est\u00e3o hospedados no Setor Hoteleiro Norte. A organiza\u00e7\u00e3o dos jogos do Rio 2016 tinha indicado outro hotel, no Setor de Hot\u00e9is de Turismo Norte, \u00e0s margens do Lago Parano\u00e1, onde ficar\u00e3o as outras sele\u00e7\u00f5es que disputar\u00e3o em Bras\u00edlia. O local foi alterado a pedido da Confedera\u00e7\u00e3o Brasileira de Futebol.<\/p>\n<div id=\"attachment_2534\" style=\"width: 650px\" class=\"wp-caption aligncenter\"><img loading=\"lazy\" decoding=\"async\" aria-describedby=\"caption-attachment-2534\" class=\"size-large wp-image-2534\" src=\"https:\/\/www.esportesbrasilia.com.br\/noticias\/wp-content\/uploads\/desembarqueselecaobrasileira_renatoaraujo_agbsb-1024x680.jpg\" alt=\"Sele\u00e7\u00e3o veio de \u00f4nibus ap\u00f3s vencer o Jap\u00e3o em Goi\u00e2nia por 3x0 no \u00faltimo s\u00e1bado - Foto: Renato Ara\u00fajo\/Ag\u00eancia Bras\u00edlia\" width=\"640\" height=\"425\" srcset=\"https:\/\/www.esportesbrasilia.com.br\/noticias\/wp-content\/uploads\/desembarqueselecaobrasileira_renatoaraujo_agbsb-1024x680.jpg 1024w, https:\/\/www.esportesbrasilia.com.br\/noticias\/wp-content\/uploads\/desembarqueselecaobrasileira_renatoaraujo_agbsb-300x199.jpg 300w, https:\/\/www.esportesbrasilia.com.br\/noticias\/wp-content\/uploads\/desembarqueselecaobrasileira_renatoaraujo_agbsb-768x510.jpg 768w, https:\/\/www.esportesbrasilia.com.br\/noticias\/wp-content\/uploads\/desembarqueselecaobrasileira_renatoaraujo_agbsb-696x462.jpg 696w, https:\/\/www.esportesbrasilia.com.br\/noticias\/wp-content\/uploads\/desembarqueselecaobrasileira_renatoaraujo_agbsb-1068x709.jpg 1068w, https:\/\/www.esportesbrasilia.com.br\/noticias\/wp-content\/uploads\/desembarqueselecaobrasileira_renatoaraujo_agbsb-632x420.jpg 632w, https:\/\/www.esportesbrasilia.com.br\/noticias\/wp-content\/uploads\/desembarqueselecaobrasileira_renatoaraujo_agbsb.jpg 2048w\" sizes=\"auto, (max-width: 640px) 100vw, 640px\" \/><p id=\"caption-attachment-2534\" class=\"wp-caption-text\">Sele\u00e7\u00e3o veio de \u00f4nibus ap\u00f3s vencer o Jap\u00e3o em Goi\u00e2nia por 3&#215;0 no \u00faltimo s\u00e1bado &#8211; Foto: Renato Ara\u00fajo\/Ag\u00eancia Bras\u00edlia<\/p><\/div>\n<p><strong>Jogos de futebol ol\u00edmpico no Man\u00e9 Garrincha<\/strong><br \/>\nBras\u00edlia receber\u00e1 dez partidas de futebol da Olimp\u00edada, sete do torneio masculino e tr\u00eas do feminino. Na quinta-feira (4), a cidade abre a competi\u00e7\u00e3o com o jogo entre Iraque e Dinamarca, \u00e0s 13 horas de 4 de agosto. No dia 7, al\u00e9m do duelo entre brasileiros e iraquianos, enfrentam-se \u00e0s 19 horas, Dinamarca e \u00c1frica do Sul.<\/p>\n<p>Em 10 de agosto, haver\u00e1 mais duas disputas do masculino. \u00c0s 13 horas, jogam Argentina e Honduras. \u00c0s 16 horas, entram em campo Coreia do Sul e M\u00e9xico. Em 9 de agosto, pelo torneio feminino, Alemanha e Canad\u00e1 jogam \u00e0s 16 horas; no mesmo dia, \u00e0s 22 horas, China e Su\u00e9cia se enfrentam no gramado do Man\u00e9 Garrincha.<\/p>\n<p>O Man\u00e9 Garrincha sediar\u00e1 ainda dois jogos de quartas de final, um feminino, em 12 de agosto, e um masculino, em 13 de agosto, que encerra a participa\u00e7\u00e3o de Bras\u00edlia nas Olimp\u00edadas. A defini\u00e7\u00e3o das equipes que estar\u00e3o nessa fase depender\u00e1 dos resultados da primeira fase.<\/p>\n","protected":false},"excerpt":{"rendered":"<p>Fonte: Ag\u00eancia Bras\u00edlia Chegaram a Bras\u00edlia, na noite deste domingo (31), 17 jogadores da sele\u00e7\u00e3o brasileira masculina de futebol que disputar\u00e3o os jogos da Olimp\u00edada no Est\u00e1dio Nacional de Bras\u00edlia Man\u00e9 Garrincha. Em busca do primeiro ouro ol\u00edmpico, o time comandado pelo t\u00e9cnico Rog\u00e9rio Micale estrear\u00e1 nesta quinta-feira (4), \u00e0s 16 horas, contra a \u00c1frica [&hellip;]<\/p>\n","protected":false},"author":1,"featured_media":2534,"comment_status":"open","ping_status":"closed","sticky":false,"template":"","format":"standard","meta":{"footnotes":""},"categories":[28],"tags":[],"class_list":["post-2532","post","type-post","status-publish","format-standard","has-post-thumbnail","hentry","category-rio2016"],"_links":{"self":[{"href":"https:\/\/www.esportesbrasilia.com.br\/noticias\/wp-json\/wp\/v2\/posts\/2532","targetHints":{"allow":["GET"]}}],"collection":[{"href":"https:\/\/www.esportesbrasilia.com.br\/noticias\/wp-json\/wp\/v2\/posts"}],"about":[{"href":"https:\/\/www.esportesbrasilia.com.br\/noticias\/wp-json\/wp\/v2\/types\/post"}],"author":[{"embeddable":true,"href":"https:\/\/www.esportesbrasilia.com.br\/noticias\/wp-json\/wp\/v2\/users\/1"}],"replies":[{"embeddable":true,"href":"https:\/\/www.esportesbrasilia.com.br\/noticias\/wp-json\/wp\/v2\/comments?post=2532"}],"version-history":[{"count":1,"href":"https:\/\/www.esportesbrasilia.com.br\/noticias\/wp-json\/wp\/v2\/posts\/2532\/revisions"}],"predecessor-version":[{"id":2535,"href":"https:\/\/www.esportesbrasilia.com.br\/noticias\/wp-json\/wp\/v2\/posts\/2532\/revisions\/2535"}],"wp:featuredmedia":[{"embeddable":true,"href":"https:\/\/www.esportesbrasilia.com.br\/noticias\/wp-json\/wp\/v2\/media\/2534"}],"wp:attachment":[{"href":"https:\/\/www.esportesbrasilia.com.br\/noticias\/wp-json\/wp\/v2\/media?parent=2532"}],"wp:term":[{"taxonomy":"category","embeddable":true,"href":"https:\/\/www.esportesbrasilia.com.br\/noticias\/wp-json\/wp\/v2\/categories?post=2532"},{"taxonomy":"post_tag","embeddable":true,"href":"https:\/\/www.esportesbrasilia.com.br\/noticias\/wp-json\/wp\/v2\/tags?post=2532"}],"curies":[{"name":"wp","href":"https:\/\/api.w.org\/{rel}","templated":true}]}}