{"id":25305,"date":"2024-02-06T23:48:35","date_gmt":"2024-02-07T02:48:35","guid":{"rendered":"https:\/\/www.esportesbrasilia.com.br\/noticias\/?p=25305"},"modified":"2024-02-06T23:48:36","modified_gmt":"2024-02-07T02:48:36","slug":"tjdft-suspende-liminar-do-real-brasilia-e-estadio-ciro-machado-pode-ficar-sem-receber-jogos","status":"publish","type":"post","link":"https:\/\/www.esportesbrasilia.com.br\/noticias\/futebol\/tjdft-suspende-liminar-do-real-brasilia-e-estadio-ciro-machado-pode-ficar-sem-receber-jogos.html","title":{"rendered":"TJDFT suspende liminar do Real Bras\u00edlia e est\u00e1dio Ciro Machado pode ficar sem receber jogos"},"content":{"rendered":"\n<p><strong>Foto: Patricy Albuquerque\/Esportes Bras\u00edlia<\/strong><\/p>\n\n\n\n<p>O Distrito Federal conseguiu, nesta ter\u00e7a-feira (06), na Justi\u00e7a, derrubar a liminar que havia sido obtida pelo Real Bras\u00edlia, que permitia a realiza\u00e7\u00e3o de partidas no est\u00e1dio Ciro Machado, o Defel\u00ea.<\/p>\n\n\n\n<p>Segundo o Agravo de Instrumento concedido pela desembargadora Diva Lucy de Faria Pereira, da 1\u00aa Turma C\u00ecvel do Tribunal de Justi\u00e7a do Distrito Federal e Territ\u00f3rios, o Distrito Federal alega que o Clube de Vizinhan\u00e7a da Vila Planalto teria firmado, sem autoriza\u00e7\u00e3o do governo, um contrato de aluguel do est\u00e1dio por cinco anos junto ao Le\u00e3o do Planalto, cujo documento havia sido assinado em 22 de novembro de 2018. Ou seja, o contrato j\u00e1 teria perdido a validade.<\/p>\n\n\n\n<p>Na decis\u00e3o, a desembargadora ressalta que j\u00e1 havia sido determinada, em 2017, a desocupa\u00e7\u00e3o da \u00e1rea p\u00fablica que compreende o clube e demais com\u00e9rcios vizinhos, como restaurantes e uma academia. Al\u00e9m disso, a magistrada alega que, com a decis\u00e3o judicial de desocupa\u00e7\u00e3o em vig\u00eancia, n\u00e3o poderia ter sido celebrado nenhum contrato de utiliza\u00e7\u00e3o do espa\u00e7o.<\/p>\n\n\n\n<p>Com isso, a juiza acatou os argumentos utilizados pelo Distrito Federal e deferiu a liminar, at\u00e9 o julgamento definitivo do caso, obrigando a desocupa\u00e7\u00e3o dos com\u00e9rcios e do est\u00e1dio Ciro Machado do Esp\u00edrito Santo.<\/p>\n\n\n\n<p>A reportagem da <strong>Esportes Bras\u00edlia<\/strong> procurou a Federa\u00e7\u00e3o de Futebol do Distrito Federal para comentar o assunto. Segundo a diretoria de Competi\u00e7\u00f5es da entidade, a Federa\u00e7\u00e3o n\u00e3o foi notificada da situa\u00e7\u00e3o. Por conta disso, as partidas marcadas para o palco esportivo est\u00e3o mantidas.<\/p>\n\n\n\n<p>Tamb\u00e9m procuramos o Real Bras\u00edlia, que sedia jogos no local. Por meio da assessoria de imprensa, a diretoria do clube disse estar ciente da situa\u00e7\u00e3o e preferiu n\u00e3o dar mais posicionamentos.<\/p>\n","protected":false},"excerpt":{"rendered":"<p>Foto: Patricy Albuquerque\/Esportes Bras\u00edlia O Distrito Federal conseguiu, nesta ter\u00e7a-feira (06), na Justi\u00e7a, derrubar a liminar que havia sido obtida pelo Real Bras\u00edlia, que permitia a realiza\u00e7\u00e3o de partidas no est\u00e1dio Ciro Machado, o Defel\u00ea. Segundo o Agravo de Instrumento concedido pela desembargadora Diva Lucy de Faria Pereira, da 1\u00aa Turma C\u00ecvel do Tribunal de [&hellip;]<\/p>\n","protected":false},"author":2,"featured_media":23883,"comment_status":"closed","ping_status":"closed","sticky":false,"template":"","format":"standard","meta":{"footnotes":""},"categories":[8],"tags":[],"class_list":["post-25305","post","type-post","status-publish","format-standard","has-post-thumbnail","hentry","category-futebol"],"_links":{"self":[{"href":"https:\/\/www.esportesbrasilia.com.br\/noticias\/wp-json\/wp\/v2\/posts\/25305","targetHints":{"allow":["GET"]}}],"collection":[{"href":"https:\/\/www.esportesbrasilia.com.br\/noticias\/wp-json\/wp\/v2\/posts"}],"about":[{"href":"https:\/\/www.esportesbrasilia.com.br\/noticias\/wp-json\/wp\/v2\/types\/post"}],"author":[{"embeddable":true,"href":"https:\/\/www.esportesbrasilia.com.br\/noticias\/wp-json\/wp\/v2\/users\/2"}],"replies":[{"embeddable":true,"href":"https:\/\/www.esportesbrasilia.com.br\/noticias\/wp-json\/wp\/v2\/comments?post=25305"}],"version-history":[{"count":2,"href":"https:\/\/www.esportesbrasilia.com.br\/noticias\/wp-json\/wp\/v2\/posts\/25305\/revisions"}],"predecessor-version":[{"id":25320,"href":"https:\/\/www.esportesbrasilia.com.br\/noticias\/wp-json\/wp\/v2\/posts\/25305\/revisions\/25320"}],"wp:featuredmedia":[{"embeddable":true,"href":"https:\/\/www.esportesbrasilia.com.br\/noticias\/wp-json\/wp\/v2\/media\/23883"}],"wp:attachment":[{"href":"https:\/\/www.esportesbrasilia.com.br\/noticias\/wp-json\/wp\/v2\/media?parent=25305"}],"wp:term":[{"taxonomy":"category","embeddable":true,"href":"https:\/\/www.esportesbrasilia.com.br\/noticias\/wp-json\/wp\/v2\/categories?post=25305"},{"taxonomy":"post_tag","embeddable":true,"href":"https:\/\/www.esportesbrasilia.com.br\/noticias\/wp-json\/wp\/v2\/tags?post=25305"}],"curies":[{"name":"wp","href":"https:\/\/api.w.org\/{rel}","templated":true}]}}