{"id":25289,"date":"2024-02-05T16:59:22","date_gmt":"2024-02-05T19:59:22","guid":{"rendered":"https:\/\/www.esportesbrasilia.com.br\/noticias\/?p=25289"},"modified":"2024-02-05T16:59:23","modified_gmt":"2024-02-05T19:59:23","slug":"com-a-presenca-de-esportistas-de-diversas-modalidades-cldf-celebra-o-dia-do-atleta","status":"publish","type":"post","link":"https:\/\/www.esportesbrasilia.com.br\/noticias\/outros\/com-a-presenca-de-esportistas-de-diversas-modalidades-cldf-celebra-o-dia-do-atleta.html","title":{"rendered":"Com a presen\u00e7a de esportistas de diversas modalidades, CLDF celebra o Dia do Atleta"},"content":{"rendered":"\n<p><em>A solenidade proposta pelo deputado Pastor Daniel de Castro homenageou atletas do DF e de diversas modalidades<\/em><\/p>\n\n\n\n<p>O plen\u00e1rio da C\u00e2mara Legislativa ficou lotado na manh\u00e3 desta segunda-feira (5) por conta da celebra\u00e7\u00e3o do \u201cDia do Atleta\u201d, institu\u00eddo pela Lei n\u00ba 5.519\/2015 e comemorado no Distrito Federal em 10 de fevereiro. Representantes de modalidades diversas como jud\u00f4, karat\u00ea, v\u00f4lei de praia, basquete, nata\u00e7\u00e3o, capoeira, futebol e atletismo, entre outras, estiveram presentes na Sess\u00e3o Solene de iniciativa do deputado Pastor Daniel de Castro (PP).<\/p>\n\n\n\n<p>O distrital fez quest\u00e3o de destacar a import\u00e2ncia social do esporte e a necessidade de constante incentivo pelo poder p\u00fablico para sua pr\u00e1tica. Para Daniel de Castro, tanto a pr\u00e1tica esportiva de alto rendimento \u2013 como aquela desenvolvida por atletas ol\u00edmpicos \u2013 quanto a atividade f\u00edsica desenvolvida pelos cidad\u00e3os comuns em seu dia a dia trazem grande impacto positivo \u00e0 sociedade e precisam ser fomentadas.<\/p>\n\n\n\n<p>\u201c\u00c9 crucial lembrar que o acesso ao esporte e \u00e0 atividade f\u00edsica n\u00e3o deve ser um privil\u00e9gio reservado apenas para alguns, mas sim um direito fundamental de todos os cidad\u00e3os. Em um pa\u00eds desigual como o nosso, no qual, infelizmente, a rua e as drogas acabam atraindo incont\u00e1veis crian\u00e7as e adolescentes, o esporte muitas vezes \u00e9 a porta de sa\u00edda de um mundo de marginaliza\u00e7\u00e3o e a porta de entrada em um universo de inclus\u00e3o e de oportunidades\u201d, declarou o deputado.<\/p>\n\n\n\n<p><br>A atleta de futev\u00f4lei Lana Miranda, 10 vezes campe\u00e3 mundial, lembrou das dificuldades encontradas pelos atletas por falta de equipamentos b\u00e1sicos, como quimonos ou bolas, e refor\u00e7ou a import\u00e2ncia da presen\u00e7a do poder p\u00fablico para sanar essas barreiras. Ela alertou ainda sobre a relev\u00e2ncia do apoio familiar na vida de um atleta. &#8220;Que voc\u00eas, fam\u00edlias, incentivem crian\u00e7as e adolescentes a praticarem esportes, \u00e9 importante ter uma base\u201d, disse \u00e0 plateia.<\/p>\n\n\n\n<p>J\u00e1 M\u00e1rio Ferro, que dirige a Confedera\u00e7\u00e3o Brasileira do Desporto Universit\u00e1rio (CBDU), destacou a import\u00e2ncia dos treinadores e professores engajados na luta pelo esporte no DF. \u201cProfessores, sensei e mestres em geral s\u00e3o merecedores dessa comemora\u00e7\u00e3o\u201d, afirmou.<br>&nbsp;<\/p>\n\n\n\n<h4 class=\"wp-block-heading\">Incentivo P\u00fablico<\/h4>\n\n\n\n<p><br>O Secret\u00e1rio de Esporte e Lazer do DF, Renato Junqueira, lembrou das a\u00e7\u00f5es da pasta no fomento ao esporte na Capital, como o programa Educador Esportivo Volunt\u00e1rio, que beneficia mais de 12 mil pessoas, entre professores e alunos de forma gratuita. Junqueira afirmou que as diversas iniciativas do executivo servem para \u201cdar continuidade ao sonho de muita gente de se tornar atleta\u201d.<\/p>\n\n\n\n<p>Outro incentivador do esporte no DF presente na sess\u00e3o foi o Coronel Eug\u00eanio, que preside o Instituto de Bombeiros de Responsabilidade Social (IBRES), que desenvolve projetos sociais voltados ao esporte nos centros ol\u00edmpicos do DF, atendendo mais de 50 modalidades. Eug\u00eanio afirmou que o instituto j\u00e1 realizou mais de 2,8 milh\u00f5es de atendimentos e destacou a import\u00e2ncia do investimento p\u00fablico para a atividade. \u201cSem o poder p\u00fablico, a gente n\u00e3o conseguiria fazer nada disso\u201d, argumentou.<br><br>O deputado federal e ex-secret\u00e1rio de esportes do DF Julio Cesar Ribeiro prestou contas de sua \u00faltima gest\u00e3o frente \u00e0 pasta e destacou a\u00e7\u00f5es importantes desenvolvidas, dentre elas a equipara\u00e7\u00e3o do valor pago pelo programa Bolsa Atleta para atletas ol\u00edmpicos e paraol\u00edmpicos. Ribeiro ressaltou ainda a import\u00e2ncia social dos atletas como exemplos a serem seguidos. \u201cOs atletas s\u00e3o fontes de inspira\u00e7\u00e3o para todos n\u00f3s, representam o esp\u00edrito de dedica\u00e7\u00e3o, perseveran\u00e7a e supera\u00e7\u00e3o. Cada vez que vemos um atleta no p\u00f3dio, n\u00e3o \u00e9 apenas uma conquista pessoal, mas um triunfo coletivo que nos enche de orgulho\u201d, declarou o deputado federal.<\/p>\n\n\n\n<p>O deputado Martins Machado (Republicanos) falou no mesmo sentido, alegando que, al\u00e9m do desafio de estarem preparados para as competi\u00e7\u00f5es, os atletas enfrentam ainda o desafio de conseguir apoio financeiro para subsidiar os custos de sua prepara\u00e7\u00e3o. \u201cVoc\u00eas [atletas] s\u00e3o exemplos para todos n\u00f3s\u201d, concluiu.<\/p>\n\n\n\n<figure class=\"wp-block-image\"><img decoding=\"async\" src=\"https:\/\/www.cl.df.gov.br\/documents\/10162\/28959633\/2411888J+%2850%29.jpg\/8e8650c3-e27e-ede9-a651-13a0eb668e9e?t=1707143830265\" alt=\"\"\/><\/figure>\n\n\n\n<p>Ao final da cerim\u00f4nia, que teve transmiss\u00e3o ao vido pela TV aberta (Canal 9.3) e pelo&nbsp;<a href=\"https:\/\/www.youtube.com\/watch?v=xZyveqhRmxw\">YouTube da CLDF<\/a>, o deputado Pastor Daniel de Castro entregou 45 mo\u00e7\u00f5es de louvor para atletas de diversas modalidades esportivas presentes.<\/p>\n","protected":false},"excerpt":{"rendered":"<p>A solenidade proposta pelo deputado Pastor Daniel de Castro homenageou atletas do DF e de diversas modalidades O plen\u00e1rio da C\u00e2mara Legislativa ficou lotado na manh\u00e3 desta segunda-feira (5) por conta da celebra\u00e7\u00e3o do \u201cDia do Atleta\u201d, institu\u00eddo pela Lei n\u00ba 5.519\/2015 e comemorado no Distrito Federal em 10 de fevereiro. Representantes de modalidades diversas [&hellip;]<\/p>\n","protected":false},"author":52,"featured_media":25290,"comment_status":"closed","ping_status":"closed","sticky":false,"template":"","format":"standard","meta":{"footnotes":""},"categories":[2],"tags":[],"class_list":["post-25289","post","type-post","status-publish","format-standard","has-post-thumbnail","hentry","category-outros"],"_links":{"self":[{"href":"https:\/\/www.esportesbrasilia.com.br\/noticias\/wp-json\/wp\/v2\/posts\/25289","targetHints":{"allow":["GET"]}}],"collection":[{"href":"https:\/\/www.esportesbrasilia.com.br\/noticias\/wp-json\/wp\/v2\/posts"}],"about":[{"href":"https:\/\/www.esportesbrasilia.com.br\/noticias\/wp-json\/wp\/v2\/types\/post"}],"author":[{"embeddable":true,"href":"https:\/\/www.esportesbrasilia.com.br\/noticias\/wp-json\/wp\/v2\/users\/52"}],"replies":[{"embeddable":true,"href":"https:\/\/www.esportesbrasilia.com.br\/noticias\/wp-json\/wp\/v2\/comments?post=25289"}],"version-history":[{"count":1,"href":"https:\/\/www.esportesbrasilia.com.br\/noticias\/wp-json\/wp\/v2\/posts\/25289\/revisions"}],"predecessor-version":[{"id":25291,"href":"https:\/\/www.esportesbrasilia.com.br\/noticias\/wp-json\/wp\/v2\/posts\/25289\/revisions\/25291"}],"wp:featuredmedia":[{"embeddable":true,"href":"https:\/\/www.esportesbrasilia.com.br\/noticias\/wp-json\/wp\/v2\/media\/25290"}],"wp:attachment":[{"href":"https:\/\/www.esportesbrasilia.com.br\/noticias\/wp-json\/wp\/v2\/media?parent=25289"}],"wp:term":[{"taxonomy":"category","embeddable":true,"href":"https:\/\/www.esportesbrasilia.com.br\/noticias\/wp-json\/wp\/v2\/categories?post=25289"},{"taxonomy":"post_tag","embeddable":true,"href":"https:\/\/www.esportesbrasilia.com.br\/noticias\/wp-json\/wp\/v2\/tags?post=25289"}],"curies":[{"name":"wp","href":"https:\/\/api.w.org\/{rel}","templated":true}]}}