{"id":25244,"date":"2024-01-31T22:45:45","date_gmt":"2024-02-01T01:45:45","guid":{"rendered":"https:\/\/www.esportesbrasilia.com.br\/noticias\/?p=25244"},"modified":"2024-01-31T22:45:56","modified_gmt":"2024-02-01T01:45:56","slug":"classico-74-entre-gama-e-brasiliense-sera-disputado-com-torcida-unica","status":"publish","type":"post","link":"https:\/\/www.esportesbrasilia.com.br\/noticias\/futebol\/classico-74-entre-gama-e-brasiliense-sera-disputado-com-torcida-unica.html","title":{"rendered":"Cl\u00e1ssico 74 entre Gama e Brasiliense ser\u00e1 disputado com torcida \u00fanica"},"content":{"rendered":"\n<p><strong>Foto: Fernando Godoy\/Ag\u00eancia EB<\/strong><\/p>\n\n\n\n<p>A diretoria do Gama anunciou, nesta quarta-feira (31), que o jogo diante do Brasiliense, marcado para o dia 07 de fevereiro e v\u00e1lido pela quinta rodada do Candang\u00e3o 2024, ser\u00e1 disputado com torcida \u00fanica: apenas a do alviverde.<\/p>\n\n\n\n<p>Com a decis\u00e3o, dada ap\u00f3s uma reuni\u00e3o com a Secretaria de Seguran\u00e7a P\u00fablica do DF, torcedores do Brasiliense n\u00e3o poder\u00e3o acompanhar a partida no est\u00e1dio Bezerr\u00e3o, localizado no Gama.<\/p>\n\n\n\n<p>Ainda de acordo com a diretoria do alviverde, a carga m\u00e1xima de ingressos ser\u00e1 colocada a disposi\u00e7\u00e3o para o jogo, com a abertura das quatro alas (Norte, Sul, Leste e Oeste) para a venda de entradas. Os bilhetes j\u00e1 est\u00e3o \u00e0 venda no quiosque do Gama Shopping.<\/p>\n\n\n\n<p>Al\u00e9m disso, nas redes sociais, o Gama anunciou que a partida mudou de hor\u00e1rio: das 20h para \u00e0s 20h30, com transmiss\u00e3o da <strong>Esportes Bras\u00edlia<\/strong>.<\/p>\n","protected":false},"excerpt":{"rendered":"<p>Foto: Fernando Godoy\/Ag\u00eancia EB A diretoria do Gama anunciou, nesta quarta-feira (31), que o jogo diante do Brasiliense, marcado para o dia 07 de fevereiro e v\u00e1lido pela quinta rodada do Candang\u00e3o 2024, ser\u00e1 disputado com torcida \u00fanica: apenas a do alviverde. Com a decis\u00e3o, dada ap\u00f3s uma reuni\u00e3o com a Secretaria de Seguran\u00e7a P\u00fablica [&hellip;]<\/p>\n","protected":false},"author":2,"featured_media":25246,"comment_status":"closed","ping_status":"closed","sticky":false,"template":"","format":"standard","meta":{"footnotes":""},"categories":[8],"tags":[],"class_list":["post-25244","post","type-post","status-publish","format-standard","has-post-thumbnail","hentry","category-futebol"],"_links":{"self":[{"href":"https:\/\/www.esportesbrasilia.com.br\/noticias\/wp-json\/wp\/v2\/posts\/25244","targetHints":{"allow":["GET"]}}],"collection":[{"href":"https:\/\/www.esportesbrasilia.com.br\/noticias\/wp-json\/wp\/v2\/posts"}],"about":[{"href":"https:\/\/www.esportesbrasilia.com.br\/noticias\/wp-json\/wp\/v2\/types\/post"}],"author":[{"embeddable":true,"href":"https:\/\/www.esportesbrasilia.com.br\/noticias\/wp-json\/wp\/v2\/users\/2"}],"replies":[{"embeddable":true,"href":"https:\/\/www.esportesbrasilia.com.br\/noticias\/wp-json\/wp\/v2\/comments?post=25244"}],"version-history":[{"count":2,"href":"https:\/\/www.esportesbrasilia.com.br\/noticias\/wp-json\/wp\/v2\/posts\/25244\/revisions"}],"predecessor-version":[{"id":25248,"href":"https:\/\/www.esportesbrasilia.com.br\/noticias\/wp-json\/wp\/v2\/posts\/25244\/revisions\/25248"}],"wp:featuredmedia":[{"embeddable":true,"href":"https:\/\/www.esportesbrasilia.com.br\/noticias\/wp-json\/wp\/v2\/media\/25246"}],"wp:attachment":[{"href":"https:\/\/www.esportesbrasilia.com.br\/noticias\/wp-json\/wp\/v2\/media?parent=25244"}],"wp:term":[{"taxonomy":"category","embeddable":true,"href":"https:\/\/www.esportesbrasilia.com.br\/noticias\/wp-json\/wp\/v2\/categories?post=25244"},{"taxonomy":"post_tag","embeddable":true,"href":"https:\/\/www.esportesbrasilia.com.br\/noticias\/wp-json\/wp\/v2\/tags?post=25244"}],"curies":[{"name":"wp","href":"https:\/\/api.w.org\/{rel}","templated":true}]}}