{"id":2522,"date":"2016-07-30T11:38:28","date_gmt":"2016-07-30T14:38:28","guid":{"rendered":"http:\/\/www.esportesbrasilia.com.br\/noticias\/?p=2522"},"modified":"2016-07-30T09:39:28","modified_gmt":"2016-07-30T12:39:28","slug":"empresa-rompe-contrato-e-forca-nacional-fara-revistas-nas-arenas-da-rio-2016","status":"publish","type":"post","link":"https:\/\/www.esportesbrasilia.com.br\/noticias\/rio2016\/empresa-rompe-contrato-e-forca-nacional-fara-revistas-nas-arenas-da-rio-2016.html","title":{"rendered":"Empresa rompe contrato e For\u00e7a Nacional far\u00e1 revistas nas arenas da Rio 2016"},"content":{"rendered":"<p>Fonte: Ag\u00eancia Brasil<\/p>\n<p>A For\u00e7a Nacional de Seguran\u00e7a assumir\u00e1 mais uma responsabilidade durante os Jogos Ol\u00edmpicos Rio 2016. O ministro da Justi\u00e7a, Alexandre de Moraes, informou que policiais que integram a For\u00e7a Nacional assumir\u00e3o tamb\u00e9m a revista nas entradas dos locais de competi\u00e7\u00e3o e na Vila Ol\u00edmpica.<\/p>\n<p>A empresa Artel Recursos Humanos, contratada para prestar o servi\u00e7o, desistiu do contrato, alegando estar sem dinheiro para convocar pessoal. Mais de 3 mil agentes privados eram necess\u00e1rios para o servi\u00e7o.<\/p>\n<p>Segundo o ministro, por abandonar o contrato com o governo, a companhia ser\u00e1 multada. &#8220;Esse abandono contratual pela empresa, que ser\u00e1 multada e responsabilizada, por essa, nao s\u00f3, incompet\u00eancia, mas por essa irresponsabilidade, de cadastrar 3 mil pessoas, fizemos toda a verifica\u00e7\u00e3o dos servidores e, na hora de cham\u00e1-las, chamou s\u00f3 500 alegando dificuldade financeira&#8221;, disse o ministro.<\/p>\n<p>As revistas pessoais e o monitoramento de aparelhos de raio X ser\u00e3o feitos agora por policiais militares, entre eles, aposentados nos \u00faltimos cinco anos, que j\u00e1 estavam cadastrados. Uma medida provis\u00f3ria foi editada h\u00e1 tres semanas convocandos os agentes aposentados.\u00a0A expectativa \u00e9 que os servi\u00e7os sejam at\u00e9 mais bem executados, segundo o ministro.<\/p>\n<p>&#8220;Os Jogos Ol\u00edmpicos n\u00e3o sofrer\u00e3o nenhum preju\u00edzo porque ser\u00e1 uma substitui\u00e7\u00e3o melhor, por policiais militares que se incorporar\u00e3o \u00e0 For\u00e7a Nacional e realizar\u00e3o, em conjunto, 100% da seguran\u00e7a dos locais ol\u00edmpicos&#8221;, acrescentou.<\/p>\n<p>Moraes recebeu, na Base A\u00e9rea do Gale\u00e3o, cerca de 250 policiais militares que chegaram de S\u00e3o Paulo para compor a For\u00e7a Nacional. Ao todo, eles somar\u00e3o 1 mil pessoas.<\/p>\n<p>O ministro tamb\u00e9m sugeriu ao Comit\u00ea Ol\u00edmpico, para as pr\u00f3ximas competi\u00e7\u00f5es, rever a necessidade de contrata\u00e7\u00e3o de uma empresa privada para seguran\u00e7a das arenas.<\/p>\n<p>Moraes lembrou que, no in\u00edcio, a For\u00e7a Nacional faria apenas a seguran\u00e7a em \u00e1reas externas. Depois, recebeu a atribui\u00e7\u00e3o de atuar dentro das areas ol\u00edmpicas, fazendo a seguran\u00e7a interna. Agora, assume as revistas.<\/p>\n<p>Em Londres, na \u00faltima Olimp\u00edada, o ministro comentou que ocorreu a mesma falha. Naquela ocasi\u00e3o, o problema nas contrata\u00e7\u00f5es foi detectada com 30 dias de anteced\u00eancia, quando for\u00e7as militares inglesas tamb\u00e9m acabaram assumindo a fun\u00e7\u00e3o, de emerg\u00eancia.<\/p>\n<p>&#8220;Isso \u00e9 algo importante para que o COI passe a analisar, assim como a terceira empresa (aprovada em licita\u00e7\u00e3o) que ofereceu um valor de R$ 74 milh\u00f5es, n\u00e3o conseguiu cumprir esse requisito em Londres. Ent\u00e3o, \u00e9 a segunda vez que este requisito estabelecido pelo COI n\u00e3o \u00e9 cumprido. Talvez, seja melhor repensar&#8221;. O valor do contrato com a Artel era de R$ 17,3 milh\u00f5es.<\/p>\n<p>Sobre as condi\u00e7\u00f5es financeiras da Artel, o Minist\u00e9rio da Justi\u00e7a frisou que n\u00e3o havia irregularidade no momento da assinatura do contrato.<\/p>\n<p>A empresa era a segunda na ordem de aprovados em licita\u00e7\u00e3o. A terceira colocada, que foi a mesma de Londres, prop\u00f4s um contrato de emerg\u00eancia de R$ 70 milh\u00f5es, que foi recusado.<\/p>\n","protected":false},"excerpt":{"rendered":"<p>Fonte: Ag\u00eancia Brasil A For\u00e7a Nacional de Seguran\u00e7a assumir\u00e1 mais uma responsabilidade durante os Jogos Ol\u00edmpicos Rio 2016. O ministro da Justi\u00e7a, Alexandre de Moraes, informou que policiais que integram a For\u00e7a Nacional assumir\u00e3o tamb\u00e9m a revista nas entradas dos locais de competi\u00e7\u00e3o e na Vila Ol\u00edmpica. A empresa Artel Recursos Humanos, contratada para prestar [&hellip;]<\/p>\n","protected":false},"author":1,"featured_media":980,"comment_status":"open","ping_status":"closed","sticky":false,"template":"","format":"standard","meta":{"footnotes":""},"categories":[28],"tags":[],"class_list":["post-2522","post","type-post","status-publish","format-standard","has-post-thumbnail","hentry","category-rio2016"],"_links":{"self":[{"href":"https:\/\/www.esportesbrasilia.com.br\/noticias\/wp-json\/wp\/v2\/posts\/2522","targetHints":{"allow":["GET"]}}],"collection":[{"href":"https:\/\/www.esportesbrasilia.com.br\/noticias\/wp-json\/wp\/v2\/posts"}],"about":[{"href":"https:\/\/www.esportesbrasilia.com.br\/noticias\/wp-json\/wp\/v2\/types\/post"}],"author":[{"embeddable":true,"href":"https:\/\/www.esportesbrasilia.com.br\/noticias\/wp-json\/wp\/v2\/users\/1"}],"replies":[{"embeddable":true,"href":"https:\/\/www.esportesbrasilia.com.br\/noticias\/wp-json\/wp\/v2\/comments?post=2522"}],"version-history":[{"count":1,"href":"https:\/\/www.esportesbrasilia.com.br\/noticias\/wp-json\/wp\/v2\/posts\/2522\/revisions"}],"predecessor-version":[{"id":2523,"href":"https:\/\/www.esportesbrasilia.com.br\/noticias\/wp-json\/wp\/v2\/posts\/2522\/revisions\/2523"}],"wp:featuredmedia":[{"embeddable":true,"href":"https:\/\/www.esportesbrasilia.com.br\/noticias\/wp-json\/wp\/v2\/media\/980"}],"wp:attachment":[{"href":"https:\/\/www.esportesbrasilia.com.br\/noticias\/wp-json\/wp\/v2\/media?parent=2522"}],"wp:term":[{"taxonomy":"category","embeddable":true,"href":"https:\/\/www.esportesbrasilia.com.br\/noticias\/wp-json\/wp\/v2\/categories?post=2522"},{"taxonomy":"post_tag","embeddable":true,"href":"https:\/\/www.esportesbrasilia.com.br\/noticias\/wp-json\/wp\/v2\/tags?post=2522"}],"curies":[{"name":"wp","href":"https:\/\/api.w.org\/{rel}","templated":true}]}}