{"id":25216,"date":"2024-01-29T13:33:21","date_gmt":"2024-01-29T16:33:21","guid":{"rendered":"https:\/\/www.esportesbrasilia.com.br\/noticias\/?p=25216"},"modified":"2024-01-29T13:33:28","modified_gmt":"2024-01-29T16:33:28","slug":"superliga-master-sera-disputada-em-brasilia","status":"publish","type":"post","link":"https:\/\/www.esportesbrasilia.com.br\/noticias\/volei\/superliga-master-sera-disputada-em-brasilia.html","title":{"rendered":"Superliga Master ser\u00e1 disputada em Bras\u00edlia"},"content":{"rendered":"\n<p><em>Evento ter\u00e1 quatro categorias e acontece em setembro, na AABB<\/em><\/p>\n\n\n\n<p>A primeira edi\u00e7\u00e3o da Superliga Master j\u00e1 tem data e local para acontecer.\u00a0As quatro categorias femininas e masculinas ser\u00e3o disputadas em Bras\u00edlia (DF), na AABB, com torneios +40, +45, +50 e +55 de 6 a 8 de setembro.<\/p>\n\n\n\n<p>Oito equipes de cada categoria garantiram vaga no V\u00f4lei Master, realizado em novembro de 2023 no Centro de Treinamento da CBV, em Saquarema (RJ).<\/p>\n\n\n\n<p>\u201cTemos muitos praticantes de voleibol com mais de 40 anos, e a cria\u00e7\u00e3o da Superliga Master \u00e9 um reflexo do sucesso do movimento do v\u00f4lei master no Brasil. Com essa competi\u00e7\u00e3o, a Confedera\u00e7\u00e3o Brasileira de Voleibol une a paix\u00e3o dos brasileiros pela modalidade e o incentivo \u00e0 pr\u00e1tica esportiva e a um estilo de vida saud\u00e1vel\u201d, explica Radam\u00e9s Lattari, presidente da CBV.<\/p>\n\n\n\n<p>\u201cS\u00e3o muitos apaixonados pelo voleibol que conseguiram a classifica\u00e7\u00e3o durante o V\u00f4lei Master e que agora ter\u00e3o a oportunidade de disputar mais um torneio com toda a estrutura. O movimento do v\u00f4lei master \u00e9 enorme no Brasil, e estamos ansiosos para a disputa da Superliga Master 2024 em Bras\u00edlia\u201d, destaca Rodrigo Delmasso, diretor de V\u00f4lei Master da CBV.<\/p>\n\n\n\n<p>A CBV criou um n\u00facleo voltado para o V\u00f4lei Master, que ter\u00e1 uma comiss\u00e3o de apoio formada pelos presidentes das Federa\u00e7\u00f5es do Tocantins (Ricardo Abal\u00e9m), do Piau\u00ed (Tatiana Rodrigues) e do Maranh\u00e3o (Ricardo Lins).<\/p>\n\n\n\n<p>As inscri\u00e7\u00f5es j\u00e1 est\u00e3o abertas! Informa\u00e7\u00f5es pelo e-mail:&nbsp;diretoria@superligamastercbv.org.br<\/p>\n\n\n\n<p><strong>Confira as equipes classificadas para a Superliga Master 2024 pelo V\u00f4lei Master 2023<\/strong><\/p>\n\n\n\n<p><strong><u>40+ Feminino<\/u><\/strong><br>Minas T\u00eanis Clube (MG), Clube Bom Pastor (MG), Superball V\u00f4lei (MG), AABB Fortaleza (CE), MVM Master Sul (SP), Alcafoods (GO), Casa dos A\u00e7ores (RJ) e MM Mirim A Master (RJ).<\/p>\n\n\n\n<p><strong><u>40+ Masculino<\/u><\/strong><strong><u><br><\/u><\/strong>Mundov\u00f4lei (RJ), Fluminense (RJ), Corinthians (SP), Neurologia Ativa (GO), RL (SP), Bras\u00edlia V\u00f4lei (DF), Castelo V\u00f4lei Master (RJ) e Friburgo V\u00f4lei Master (RJ).<\/p>\n\n\n\n<p><strong><u>45+ Feminino<\/u><\/strong><strong><u><br><\/u><\/strong>VGO AABB Goi\u00e2nia (GO), Saldanha Diamond (ES), Minas T\u00eanis Clube (MG), BNB Fortaleza (CE), MVM Master Sul (SP), Mundov\u00f4lei (RJ), ADV Jaragu\u00e1 (SC) e F\u00eanix Team (GO)<\/p>\n\n\n\n<p><strong><u>45+ Masculino<\/u><\/strong><strong><u><br><\/u><\/strong>Bras\u00edlia V\u00f4lei (DF), Mundov\u00f4lei (RJ), Apade (PA), DX Fit (SP), Corinthians (SP), Fluminense (RJ), Phenix RJ e AABSVM (BA).<\/p>\n\n\n\n<p><strong><u>50+ Feminino<\/u><\/strong><strong><u><br><\/u><\/strong>AABB Rio (RJ), BNB Cear\u00e1 (CE), HOMS (SP), Equipe Sul (RS), Minas T\u00eanis Clube (MG), Mundov\u00f4lei (RJ), DNA V\u00f4lei (RJ) e Ol\u00edmpico (RJ).<\/p>\n\n\n\n<p><strong><u>50+ Masculino<\/u><\/strong><strong><u><br><\/u><\/strong>VP Master Team (RJ), Alagoas Master 50 (AL), AABB DEC (DF), Corinthians (SP), Pro Combat (RJ), Light (RJ), VNV (SP) e Clube Asbemge (MG).<\/p>\n\n\n\n<p><strong><u>55+ Feminino<\/u><\/strong><strong><u><br><\/u><\/strong>Corinthians (SP), Mundov\u00f4lei (RJ), Alexandre V\u00f4lei (MG), \u00c1lvares Cabral (ES), MQ (RJ), AABB Beija V\u00f4lei (DF), Aerov\u00f4lei (RJ) e Light Lucia Eliza Lacerda (RJ).<\/p>\n\n\n\n<p><strong><u>55+ Masculino<br><\/u><\/strong>Ph\u00eanix RJ, Voleissauros (RJ), Corinthians (SP), Light Tomaz Mello (RJ), Rio V\u00f4lei Master (RJ), Union (RJ), Botafogo (RJ) e Areina CMP (PR)<\/p>\n","protected":false},"excerpt":{"rendered":"<p>Evento ter\u00e1 quatro categorias e acontece em setembro, na AABB A primeira edi\u00e7\u00e3o da Superliga Master j\u00e1 tem data e local para acontecer.\u00a0As quatro categorias femininas e masculinas ser\u00e3o disputadas em Bras\u00edlia (DF), na AABB, com torneios +40, +45, +50 e +55 de 6 a 8 de setembro. Oito equipes de cada categoria garantiram vaga [&hellip;]<\/p>\n","protected":false},"author":52,"featured_media":25217,"comment_status":"closed","ping_status":"closed","sticky":false,"template":"","format":"standard","meta":{"footnotes":""},"categories":[11],"tags":[],"class_list":["post-25216","post","type-post","status-publish","format-standard","has-post-thumbnail","hentry","category-volei"],"_links":{"self":[{"href":"https:\/\/www.esportesbrasilia.com.br\/noticias\/wp-json\/wp\/v2\/posts\/25216","targetHints":{"allow":["GET"]}}],"collection":[{"href":"https:\/\/www.esportesbrasilia.com.br\/noticias\/wp-json\/wp\/v2\/posts"}],"about":[{"href":"https:\/\/www.esportesbrasilia.com.br\/noticias\/wp-json\/wp\/v2\/types\/post"}],"author":[{"embeddable":true,"href":"https:\/\/www.esportesbrasilia.com.br\/noticias\/wp-json\/wp\/v2\/users\/52"}],"replies":[{"embeddable":true,"href":"https:\/\/www.esportesbrasilia.com.br\/noticias\/wp-json\/wp\/v2\/comments?post=25216"}],"version-history":[{"count":1,"href":"https:\/\/www.esportesbrasilia.com.br\/noticias\/wp-json\/wp\/v2\/posts\/25216\/revisions"}],"predecessor-version":[{"id":25218,"href":"https:\/\/www.esportesbrasilia.com.br\/noticias\/wp-json\/wp\/v2\/posts\/25216\/revisions\/25218"}],"wp:featuredmedia":[{"embeddable":true,"href":"https:\/\/www.esportesbrasilia.com.br\/noticias\/wp-json\/wp\/v2\/media\/25217"}],"wp:attachment":[{"href":"https:\/\/www.esportesbrasilia.com.br\/noticias\/wp-json\/wp\/v2\/media?parent=25216"}],"wp:term":[{"taxonomy":"category","embeddable":true,"href":"https:\/\/www.esportesbrasilia.com.br\/noticias\/wp-json\/wp\/v2\/categories?post=25216"},{"taxonomy":"post_tag","embeddable":true,"href":"https:\/\/www.esportesbrasilia.com.br\/noticias\/wp-json\/wp\/v2\/tags?post=25216"}],"curies":[{"name":"wp","href":"https:\/\/api.w.org\/{rel}","templated":true}]}}