{"id":2520,"date":"2016-07-30T09:57:08","date_gmt":"2016-07-30T12:57:08","guid":{"rendered":"http:\/\/www.esportesbrasilia.com.br\/noticias\/?p=2520"},"modified":"2016-07-30T09:38:00","modified_gmt":"2016-07-30T12:38:00","slug":"principio-de-incendio-assusta-delegacao-australiana-no-rio","status":"publish","type":"post","link":"https:\/\/www.esportesbrasilia.com.br\/noticias\/rio2016\/principio-de-incendio-assusta-delegacao-australiana-no-rio.html","title":{"rendered":"Princ\u00edpio de inc\u00eandio assusta delega\u00e7\u00e3o australiana no Rio"},"content":{"rendered":"<p>Fonte: Ag\u00eancia Brasil<\/p>\n<p>H\u00e1 quase uma semana da confus\u00e3o que tirou os australianos da Vila dos Atletas, no Parque Ol\u00edmpico, no Rio de Janeiro, um inc\u00eandio assustou a delega\u00e7\u00e3o. No fim da tarde de hoje (29), um princ\u00edpio de fogo no t\u00e9rreo do pr\u00e9dio onde est\u00e3o os atletas obrigou uma evacua\u00e7\u00e3o das equipes. Os bombeiros estiveram no local e a delega\u00e7\u00e3o j\u00e1 retornou ao pr\u00e9dio.<\/p>\n<p>A causa do princ\u00edpio de inc\u00eandio ainda n\u00e3o foi esclarecida pelo Comit\u00ea Olimp\u00edco Internacional, respons\u00e1vel pelas instala\u00e7\u00f5es do condom\u00ednio, onde ficar\u00e3o os atletas das delega\u00e7\u00f5es de diversos pa\u00edses, na Barra da Tijuca, zona oeste da cidade do Rio de Janeiro.<\/p>\n<p>No \u00faltimo domingo (31), a delega\u00e7\u00e3o australiana deixou a Vila Ol\u00edmpica por problemas de infraestrutura nos apartamentos, que chegaram a ser considerados \u201cinabit\u00e1veis\u201d. Os atletas foram alojados em hoteis at\u00e9 a quarta-feira (27), quando retornaram ao local.<\/p>\n<p>O Comit\u00ea Rio 2016 informou que uma guimba de cigarro poderia ter provocado o princ\u00edpio de inc\u00eandio no segundo subsolo do pr\u00e9dio onde est\u00e1 alojada a delega\u00e7\u00e3o da Austr\u00e1lia. Devido a caixas de papel\u00e3o e lixo acumulado no local, houve combust\u00e3o e um rolo de fuma\u00e7a subiu pelas escadarias do pr\u00e9dio, assustando os atletas, que abandonaram os apartamentos.<\/p>\n<p>O princ\u00edpio de inc\u00eandio, de acordo com o Corpo de Bombeiros, come\u00e7ou \u00e0s 17 h e foi rapidamente controlado pela equipe da corpora\u00e7\u00e3o montada na Vila dos Atletas para atender casos emergenciais. Em dez minutos a situa\u00e7\u00e3o estava totalmente controlada e os atletas da delega\u00e7\u00e3o australiana retornaram calmamente para os apartamentos.<\/p>\n","protected":false},"excerpt":{"rendered":"<p>Fonte: Ag\u00eancia Brasil H\u00e1 quase uma semana da confus\u00e3o que tirou os australianos da Vila dos Atletas, no Parque Ol\u00edmpico, no Rio de Janeiro, um inc\u00eandio assustou a delega\u00e7\u00e3o. No fim da tarde de hoje (29), um princ\u00edpio de fogo no t\u00e9rreo do pr\u00e9dio onde est\u00e3o os atletas obrigou uma evacua\u00e7\u00e3o das equipes. Os bombeiros [&hellip;]<\/p>\n","protected":false},"author":1,"featured_media":980,"comment_status":"open","ping_status":"closed","sticky":false,"template":"","format":"standard","meta":{"footnotes":""},"categories":[28],"tags":[],"class_list":["post-2520","post","type-post","status-publish","format-standard","has-post-thumbnail","hentry","category-rio2016"],"_links":{"self":[{"href":"https:\/\/www.esportesbrasilia.com.br\/noticias\/wp-json\/wp\/v2\/posts\/2520","targetHints":{"allow":["GET"]}}],"collection":[{"href":"https:\/\/www.esportesbrasilia.com.br\/noticias\/wp-json\/wp\/v2\/posts"}],"about":[{"href":"https:\/\/www.esportesbrasilia.com.br\/noticias\/wp-json\/wp\/v2\/types\/post"}],"author":[{"embeddable":true,"href":"https:\/\/www.esportesbrasilia.com.br\/noticias\/wp-json\/wp\/v2\/users\/1"}],"replies":[{"embeddable":true,"href":"https:\/\/www.esportesbrasilia.com.br\/noticias\/wp-json\/wp\/v2\/comments?post=2520"}],"version-history":[{"count":1,"href":"https:\/\/www.esportesbrasilia.com.br\/noticias\/wp-json\/wp\/v2\/posts\/2520\/revisions"}],"predecessor-version":[{"id":2521,"href":"https:\/\/www.esportesbrasilia.com.br\/noticias\/wp-json\/wp\/v2\/posts\/2520\/revisions\/2521"}],"wp:featuredmedia":[{"embeddable":true,"href":"https:\/\/www.esportesbrasilia.com.br\/noticias\/wp-json\/wp\/v2\/media\/980"}],"wp:attachment":[{"href":"https:\/\/www.esportesbrasilia.com.br\/noticias\/wp-json\/wp\/v2\/media?parent=2520"}],"wp:term":[{"taxonomy":"category","embeddable":true,"href":"https:\/\/www.esportesbrasilia.com.br\/noticias\/wp-json\/wp\/v2\/categories?post=2520"},{"taxonomy":"post_tag","embeddable":true,"href":"https:\/\/www.esportesbrasilia.com.br\/noticias\/wp-json\/wp\/v2\/tags?post=2520"}],"curies":[{"name":"wp","href":"https:\/\/api.w.org\/{rel}","templated":true}]}}