{"id":25192,"date":"2024-01-23T23:57:02","date_gmt":"2024-01-24T02:57:02","guid":{"rendered":"https:\/\/www.esportesbrasilia.com.br\/noticias\/?p=25192"},"modified":"2024-01-23T23:57:03","modified_gmt":"2024-01-24T02:57:03","slug":"atacante-que-fez-historia-esta-de-volta-ao-gama-diz-jornal","status":"publish","type":"post","link":"https:\/\/www.esportesbrasilia.com.br\/noticias\/futebol\/atacante-que-fez-historia-esta-de-volta-ao-gama-diz-jornal.html","title":{"rendered":"Atacante que fez hist\u00f3ria est\u00e1 de volta ao Gama, diz jornal"},"content":{"rendered":"\n<p><strong>Foto: Julio C\u00e9sar Silva\/Esportes Bras\u00edlia<\/strong><\/p>\n\n\n\n<p>O Gama repatriou um dos grandes nomes da hist\u00f3ria do alviverde. O atacante Nunes, de 42 anos, est\u00e1 de volta ao clube. A informa\u00e7\u00e3o foi divulgada pelo jornalista Marcos Paulo Lima, do <em>Correio Braziliense<\/em>.<\/p>\n\n\n\n<p>Nunes volta ao Gama ap\u00f3s hist\u00f3ricas temporadas em 2018 e 2020. &#8220;A minha inten\u00e7\u00e3o era jogar o primeiro semestre e depois encerrar. Come\u00e7amos a conversar ontem (segunda), mas s\u00f3 hoje resolvemos. \u00c9 a minha casa, onde tenho hist\u00f3ria, onde sou querido, ent\u00e3o nada melhor do que eu ajudar e encerrar a carreira com essa camisa que me deu tanta alegria&#8221;, disse o centroavante ao peri\u00f3dico.<\/p>\n\n\n\n<p>Quando do fechamento desta reportagem, o novo contrato de Nunes ainda n\u00e3o estava publicado no Boletim Informativo Di\u00e1rio da CBF (Bid-E).<\/p>\n\n\n\n<p>O Gama est\u00e1 na quinta posi\u00e7\u00e3o do Candang\u00e3o 2024, com uma vit\u00f3ria conquistada (frente ao Planaltina) e uma derrota (para o Capital). O alviverde volta a campo no pr\u00f3ximo s\u00e1bado (27), \u00e0s 19h30, frente ao Samambaia, no est\u00e1dio Bezerr\u00e3o.<\/p>\n","protected":false},"excerpt":{"rendered":"<p>Foto: Julio C\u00e9sar Silva\/Esportes Bras\u00edlia O Gama repatriou um dos grandes nomes da hist\u00f3ria do alviverde. O atacante Nunes, de 42 anos, est\u00e1 de volta ao clube. A informa\u00e7\u00e3o foi divulgada pelo jornalista Marcos Paulo Lima, do Correio Braziliense. Nunes volta ao Gama ap\u00f3s hist\u00f3ricas temporadas em 2018 e 2020. &#8220;A minha inten\u00e7\u00e3o era jogar [&hellip;]<\/p>\n","protected":false},"author":2,"featured_media":15577,"comment_status":"closed","ping_status":"closed","sticky":false,"template":"","format":"standard","meta":{"footnotes":""},"categories":[8],"tags":[],"class_list":["post-25192","post","type-post","status-publish","format-standard","has-post-thumbnail","hentry","category-futebol"],"_links":{"self":[{"href":"https:\/\/www.esportesbrasilia.com.br\/noticias\/wp-json\/wp\/v2\/posts\/25192","targetHints":{"allow":["GET"]}}],"collection":[{"href":"https:\/\/www.esportesbrasilia.com.br\/noticias\/wp-json\/wp\/v2\/posts"}],"about":[{"href":"https:\/\/www.esportesbrasilia.com.br\/noticias\/wp-json\/wp\/v2\/types\/post"}],"author":[{"embeddable":true,"href":"https:\/\/www.esportesbrasilia.com.br\/noticias\/wp-json\/wp\/v2\/users\/2"}],"replies":[{"embeddable":true,"href":"https:\/\/www.esportesbrasilia.com.br\/noticias\/wp-json\/wp\/v2\/comments?post=25192"}],"version-history":[{"count":1,"href":"https:\/\/www.esportesbrasilia.com.br\/noticias\/wp-json\/wp\/v2\/posts\/25192\/revisions"}],"predecessor-version":[{"id":25193,"href":"https:\/\/www.esportesbrasilia.com.br\/noticias\/wp-json\/wp\/v2\/posts\/25192\/revisions\/25193"}],"wp:featuredmedia":[{"embeddable":true,"href":"https:\/\/www.esportesbrasilia.com.br\/noticias\/wp-json\/wp\/v2\/media\/15577"}],"wp:attachment":[{"href":"https:\/\/www.esportesbrasilia.com.br\/noticias\/wp-json\/wp\/v2\/media?parent=25192"}],"wp:term":[{"taxonomy":"category","embeddable":true,"href":"https:\/\/www.esportesbrasilia.com.br\/noticias\/wp-json\/wp\/v2\/categories?post=25192"},{"taxonomy":"post_tag","embeddable":true,"href":"https:\/\/www.esportesbrasilia.com.br\/noticias\/wp-json\/wp\/v2\/tags?post=25192"}],"curies":[{"name":"wp","href":"https:\/\/api.w.org\/{rel}","templated":true}]}}