{"id":2516,"date":"2016-07-30T09:32:12","date_gmt":"2016-07-30T12:32:12","guid":{"rendered":"http:\/\/www.esportesbrasilia.com.br\/noticias\/?p=2516"},"modified":"2016-07-30T09:33:49","modified_gmt":"2016-07-30T12:33:49","slug":"selecao-da-africa-do-sul-treina-com-time-da-policia-militar-do-df","status":"publish","type":"post","link":"https:\/\/www.esportesbrasilia.com.br\/noticias\/rio2016\/selecao-da-africa-do-sul-treina-com-time-da-policia-militar-do-df.html","title":{"rendered":"Sele\u00e7\u00e3o da \u00c1frica do Sul treina com time da Pol\u00edcia Militar do DF"},"content":{"rendered":"<p>Fonte: Ag\u00eancia Bras\u00edlia<\/p>\n<p>Num clima festivo, a sele\u00e7\u00e3o ol\u00edmpica da \u00c1frica do Sul enfrentou o time de futebol da Pol\u00edcia Militar do Distrito Federal, na manh\u00e3 desta sexta-feira (29), no Minas T\u00eanis Clube, no Setor de Clubes Norte. Foi um dos \u00faltimos treinos da equipe antes da estreia nos Jogos Ol\u00edmpicos Rio 2016, na quinta-feira (4), contra o Brasil, no Est\u00e1dio Nacional de Bras\u00edlia Man\u00e9 Garrincha. A partida terminou com a vit\u00f3ria de 4&#215;0 a favor dos africanos.<\/p>\n<p>Segundo o t\u00e9cnico do time da Pol\u00edcia Militar, coronel Cl\u00e9ber Lacerda, a escolha da equipe amadora tamb\u00e9m levou em considera\u00e7\u00e3o aspectos de seguran\u00e7a. \u201cEles precisavam fazer um jogo-treino al\u00e9m de uma simples movimenta\u00e7\u00e3o, mas com seguran\u00e7a. Ent\u00e3o, oferecemos nosso time: eles fizeram o treino que queriam e com a seguran\u00e7a que necessitavam\u201d, destacou.<\/p>\n<p>Embora amador, o time da Pol\u00edcia Militar \u00e9 tradicional. Existe h\u00e1 22 anos e \u00e9 bicampe\u00e3o (2014 e 2015) do torneio mundial de pol\u00edcias e bombeiros. O primeiro t\u00edtulo foi conquistado na Irlanda; j\u00e1 o segundo, nos Estados Unidos. O cabo \u00c1tila Cruz, de 36 anos, considerado o melhor do time, mostrou-se orgulhoso em poder ajudar na prepara\u00e7\u00e3o da equipe da \u00c1frica do Sul. \u201cPara eles, foi um treino de prepara\u00e7\u00e3o; para a gente, uma festa. Conseguimos ser competitivos dentro das nossas limita\u00e7\u00f5es e nos divertimos bastante com a experi\u00eancia\u201d.<\/p>\n<div id=\"attachment_2517\" style=\"width: 650px\" class=\"wp-caption aligncenter\"><img loading=\"lazy\" decoding=\"async\" aria-describedby=\"caption-attachment-2517\" class=\"size-large wp-image-2517\" src=\"https:\/\/www.esportesbrasilia.com.br\/noticias\/wp-content\/uploads\/africadosulxpmdf_andreborges_agbsb-1024x683.jpg\" alt=\"Jogo amistoso entre a sele\u00e7\u00e3o ol\u00edmpica da Africa do Sul contra o time da PMDF - Foto: Andr\u00e9 Borges\/Ag\u00eancia Bras\u00edlia\" width=\"640\" height=\"427\" srcset=\"https:\/\/www.esportesbrasilia.com.br\/noticias\/wp-content\/uploads\/africadosulxpmdf_andreborges_agbsb-1024x683.jpg 1024w, https:\/\/www.esportesbrasilia.com.br\/noticias\/wp-content\/uploads\/africadosulxpmdf_andreborges_agbsb-300x200.jpg 300w, https:\/\/www.esportesbrasilia.com.br\/noticias\/wp-content\/uploads\/africadosulxpmdf_andreborges_agbsb-768x512.jpg 768w, https:\/\/www.esportesbrasilia.com.br\/noticias\/wp-content\/uploads\/africadosulxpmdf_andreborges_agbsb-696x464.jpg 696w, https:\/\/www.esportesbrasilia.com.br\/noticias\/wp-content\/uploads\/africadosulxpmdf_andreborges_agbsb-1068x712.jpg 1068w, https:\/\/www.esportesbrasilia.com.br\/noticias\/wp-content\/uploads\/africadosulxpmdf_andreborges_agbsb-630x420.jpg 630w\" sizes=\"auto, (max-width: 640px) 100vw, 640px\" \/><p id=\"caption-attachment-2517\" class=\"wp-caption-text\">Jogo amistoso entre a sele\u00e7\u00e3o ol\u00edmpica da Africa do Sul contra o time da PMDF &#8211; Foto: Andr\u00e9 Borges\/Ag\u00eancia Bras\u00edlia<\/p><\/div>\n<p><strong>Experi\u00eancia aprovada pelos africanos<\/strong><br \/>\nCamisa 10 da \u00c1frica do Sul, o atacante Tyroane Sandows aprovou a experi\u00eancia. \u201cServiu como um jogo-treino, para movimentar os nossos jogadores, principalmente aqueles que acabaram de chegar de viagem. Colocamos em pr\u00e1tica algumas das estrat\u00e9gias ensaiadas e, no geral, foi positivo\u201d, destacou o jogador do Gr\u00eamio, que fez o terceiro gol do treino, de p\u00eanalti. Outros dois gols foram marcados por Keagan Dolly. O \u00faltimo tento foi feito por Thabiso Kutumela.<\/p>\n","protected":false},"excerpt":{"rendered":"<p>Fonte: Ag\u00eancia Bras\u00edlia Num clima festivo, a sele\u00e7\u00e3o ol\u00edmpica da \u00c1frica do Sul enfrentou o time de futebol da Pol\u00edcia Militar do Distrito Federal, na manh\u00e3 desta sexta-feira (29), no Minas T\u00eanis Clube, no Setor de Clubes Norte. Foi um dos \u00faltimos treinos da equipe antes da estreia nos Jogos Ol\u00edmpicos Rio 2016, na quinta-feira [&hellip;]<\/p>\n","protected":false},"author":1,"featured_media":2517,"comment_status":"open","ping_status":"closed","sticky":false,"template":"","format":"standard","meta":{"footnotes":""},"categories":[28],"tags":[],"class_list":["post-2516","post","type-post","status-publish","format-standard","has-post-thumbnail","hentry","category-rio2016"],"_links":{"self":[{"href":"https:\/\/www.esportesbrasilia.com.br\/noticias\/wp-json\/wp\/v2\/posts\/2516","targetHints":{"allow":["GET"]}}],"collection":[{"href":"https:\/\/www.esportesbrasilia.com.br\/noticias\/wp-json\/wp\/v2\/posts"}],"about":[{"href":"https:\/\/www.esportesbrasilia.com.br\/noticias\/wp-json\/wp\/v2\/types\/post"}],"author":[{"embeddable":true,"href":"https:\/\/www.esportesbrasilia.com.br\/noticias\/wp-json\/wp\/v2\/users\/1"}],"replies":[{"embeddable":true,"href":"https:\/\/www.esportesbrasilia.com.br\/noticias\/wp-json\/wp\/v2\/comments?post=2516"}],"version-history":[{"count":2,"href":"https:\/\/www.esportesbrasilia.com.br\/noticias\/wp-json\/wp\/v2\/posts\/2516\/revisions"}],"predecessor-version":[{"id":2519,"href":"https:\/\/www.esportesbrasilia.com.br\/noticias\/wp-json\/wp\/v2\/posts\/2516\/revisions\/2519"}],"wp:featuredmedia":[{"embeddable":true,"href":"https:\/\/www.esportesbrasilia.com.br\/noticias\/wp-json\/wp\/v2\/media\/2517"}],"wp:attachment":[{"href":"https:\/\/www.esportesbrasilia.com.br\/noticias\/wp-json\/wp\/v2\/media?parent=2516"}],"wp:term":[{"taxonomy":"category","embeddable":true,"href":"https:\/\/www.esportesbrasilia.com.br\/noticias\/wp-json\/wp\/v2\/categories?post=2516"},{"taxonomy":"post_tag","embeddable":true,"href":"https:\/\/www.esportesbrasilia.com.br\/noticias\/wp-json\/wp\/v2\/tags?post=2516"}],"curies":[{"name":"wp","href":"https:\/\/api.w.org\/{rel}","templated":true}]}}