{"id":25119,"date":"2024-01-16T23:38:49","date_gmt":"2024-01-17T02:38:49","guid":{"rendered":"https:\/\/www.esportesbrasilia.com.br\/noticias\/?p=25119"},"modified":"2024-01-16T23:40:30","modified_gmt":"2024-01-17T02:40:30","slug":"estadio-jk-tera-torcida-unica-em-confronto-da-segunda-rodada-do-candangao","status":"publish","type":"post","link":"https:\/\/www.esportesbrasilia.com.br\/noticias\/futebol\/estadio-jk-tera-torcida-unica-em-confronto-da-segunda-rodada-do-candangao.html","title":{"rendered":"Est\u00e1dio JK ter\u00e1 torcida \u00fanica em confronto da segunda rodada do Candang\u00e3o"},"content":{"rendered":"\n<p><strong>Foto: Paulo H. Carvalho\/Ag\u00eancia Bras\u00edlia<\/strong><\/p>\n\n\n\n<p>A diretoria do Capital foi pega de surpresa nesta ter\u00e7a-feira (16). A equipe anunciou, pelas redes sociais, que o jogo da Coruja diante do Gama, marcado para o pr\u00f3ximo domingo (21), ser\u00e1 realizado com torcida \u00fanica.<\/p>\n\n\n\n<p>A informa\u00e7\u00e3o foi confirmada pela reportagem da <strong>Esportes Bras\u00edlia<\/strong>. Segundo o an\u00fancio do clube, apenas torcedores do Capital poder\u00e3o acompanhar a partida no palco esportivo da cidade do Parano\u00e1.<\/p>\n\n\n\n<p>A diretoria do clube emitiu nota dizendo que vai respeitar o determinado pelo laudo da Pol\u00edcia Militar do DF: &#8220;Vamos continuar promovendo melhorias no JK para poder receber os torcedores com conforto e seguran\u00e7a exigidos pelos \u00f3rg\u00e3os respons\u00e1veis&#8221;, diz o texto.<\/p>\n\n\n\n<p>Este \u00e9 o primeiro jogo da temporada 2024 em que os torcedores visitantes n\u00e3o poder\u00e3o acompanhar a partida. O jogo ter\u00e1 transmiss\u00e3o da <strong>EB<\/strong> a partir das 15h.<\/p>\n","protected":false},"excerpt":{"rendered":"<p>Foto: Paulo H. Carvalho\/Ag\u00eancia Bras\u00edlia A diretoria do Capital foi pega de surpresa nesta ter\u00e7a-feira (16). A equipe anunciou, pelas redes sociais, que o jogo da Coruja diante do Gama, marcado para o pr\u00f3ximo domingo (21), ser\u00e1 realizado com torcida \u00fanica. A informa\u00e7\u00e3o foi confirmada pela reportagem da Esportes Bras\u00edlia. Segundo o an\u00fancio do clube, [&hellip;]<\/p>\n","protected":false},"author":2,"featured_media":23968,"comment_status":"closed","ping_status":"closed","sticky":false,"template":"","format":"standard","meta":{"footnotes":""},"categories":[8],"tags":[],"class_list":["post-25119","post","type-post","status-publish","format-standard","has-post-thumbnail","hentry","category-futebol"],"_links":{"self":[{"href":"https:\/\/www.esportesbrasilia.com.br\/noticias\/wp-json\/wp\/v2\/posts\/25119","targetHints":{"allow":["GET"]}}],"collection":[{"href":"https:\/\/www.esportesbrasilia.com.br\/noticias\/wp-json\/wp\/v2\/posts"}],"about":[{"href":"https:\/\/www.esportesbrasilia.com.br\/noticias\/wp-json\/wp\/v2\/types\/post"}],"author":[{"embeddable":true,"href":"https:\/\/www.esportesbrasilia.com.br\/noticias\/wp-json\/wp\/v2\/users\/2"}],"replies":[{"embeddable":true,"href":"https:\/\/www.esportesbrasilia.com.br\/noticias\/wp-json\/wp\/v2\/comments?post=25119"}],"version-history":[{"count":2,"href":"https:\/\/www.esportesbrasilia.com.br\/noticias\/wp-json\/wp\/v2\/posts\/25119\/revisions"}],"predecessor-version":[{"id":25121,"href":"https:\/\/www.esportesbrasilia.com.br\/noticias\/wp-json\/wp\/v2\/posts\/25119\/revisions\/25121"}],"wp:featuredmedia":[{"embeddable":true,"href":"https:\/\/www.esportesbrasilia.com.br\/noticias\/wp-json\/wp\/v2\/media\/23968"}],"wp:attachment":[{"href":"https:\/\/www.esportesbrasilia.com.br\/noticias\/wp-json\/wp\/v2\/media?parent=25119"}],"wp:term":[{"taxonomy":"category","embeddable":true,"href":"https:\/\/www.esportesbrasilia.com.br\/noticias\/wp-json\/wp\/v2\/categories?post=25119"},{"taxonomy":"post_tag","embeddable":true,"href":"https:\/\/www.esportesbrasilia.com.br\/noticias\/wp-json\/wp\/v2\/tags?post=25119"}],"curies":[{"name":"wp","href":"https:\/\/api.w.org\/{rel}","templated":true}]}}