{"id":25093,"date":"2024-01-12T16:39:15","date_gmt":"2024-01-12T19:39:15","guid":{"rendered":"https:\/\/www.esportesbrasilia.com.br\/noticias\/?p=25093"},"modified":"2024-01-12T16:39:16","modified_gmt":"2024-01-12T19:39:16","slug":"cbf-confirma-supercopa-do-brasil-na-regiao-sudeste","status":"publish","type":"post","link":"https:\/\/www.esportesbrasilia.com.br\/noticias\/futebol\/cbf-confirma-supercopa-do-brasil-na-regiao-sudeste.html","title":{"rendered":"CBF confirma Supercopa do Brasil na regi\u00e3o sudeste"},"content":{"rendered":"\n<p>Pela segunda vez, o Distrito Federal n\u00e3o receber\u00e1 a Supercopa do Brasil. A Confedera\u00e7\u00e3o Brasileira de Futebol divulgou, na tarde desta sexta-feira (12), que a partida entre Palmeiras e S\u00e3o Paulo ser\u00e1 disputada em um local in\u00e9dito.<\/p>\n\n\n\n<p>O est\u00e1dio Mineir\u00e3o, em Belo Horizonte\/MG, foi escolhido pela entidade m\u00e1xima do futebol brasileiro para sediar a partida no dia 04 de fevereiro, \u00e0s 16h.<\/p>\n\n\n\n<p>Vale lembrar que o est\u00e1dio Nacional Man\u00e9 Garrincha chegou a ser sondado para receber o confronto. No entanto, <a href=\"https:\/\/www.esportesbrasilia.com.br\/noticias\/futebol\/supercopa-do-brasil-pode-nao-ser-disputada-em-brasilia-em-2024.html\" data-type=\"post\" data-id=\"25043\">um evento foi marcado para o dia 03<\/a>, o que inviabilizaria a disputa em Bras\u00edlia.<\/p>\n\n\n\n<p>O Palmeiras, atual campe\u00e3o brasileiro, receber\u00e1 o S\u00e3o Paulo, vencedor da Copa do Brasil. Em caso de empate nos 90 minutos, a partida vai para a prorroga\u00e7\u00e3o. Persistindo o empate, a decis\u00e3o ser\u00e1 nos p\u00eanaltis.<\/p>\n","protected":false},"excerpt":{"rendered":"<p>Pela segunda vez, o Distrito Federal n\u00e3o receber\u00e1 a Supercopa do Brasil. A Confedera\u00e7\u00e3o Brasileira de Futebol divulgou, na tarde desta sexta-feira (12), que a partida entre Palmeiras e S\u00e3o Paulo ser\u00e1 disputada em um local in\u00e9dito. O est\u00e1dio Mineir\u00e3o, em Belo Horizonte\/MG, foi escolhido pela entidade m\u00e1xima do futebol brasileiro para sediar a partida [&hellip;]<\/p>\n","protected":false},"author":2,"featured_media":18728,"comment_status":"closed","ping_status":"closed","sticky":false,"template":"","format":"standard","meta":{"footnotes":""},"categories":[8],"tags":[],"class_list":["post-25093","post","type-post","status-publish","format-standard","has-post-thumbnail","hentry","category-futebol"],"_links":{"self":[{"href":"https:\/\/www.esportesbrasilia.com.br\/noticias\/wp-json\/wp\/v2\/posts\/25093","targetHints":{"allow":["GET"]}}],"collection":[{"href":"https:\/\/www.esportesbrasilia.com.br\/noticias\/wp-json\/wp\/v2\/posts"}],"about":[{"href":"https:\/\/www.esportesbrasilia.com.br\/noticias\/wp-json\/wp\/v2\/types\/post"}],"author":[{"embeddable":true,"href":"https:\/\/www.esportesbrasilia.com.br\/noticias\/wp-json\/wp\/v2\/users\/2"}],"replies":[{"embeddable":true,"href":"https:\/\/www.esportesbrasilia.com.br\/noticias\/wp-json\/wp\/v2\/comments?post=25093"}],"version-history":[{"count":1,"href":"https:\/\/www.esportesbrasilia.com.br\/noticias\/wp-json\/wp\/v2\/posts\/25093\/revisions"}],"predecessor-version":[{"id":25094,"href":"https:\/\/www.esportesbrasilia.com.br\/noticias\/wp-json\/wp\/v2\/posts\/25093\/revisions\/25094"}],"wp:featuredmedia":[{"embeddable":true,"href":"https:\/\/www.esportesbrasilia.com.br\/noticias\/wp-json\/wp\/v2\/media\/18728"}],"wp:attachment":[{"href":"https:\/\/www.esportesbrasilia.com.br\/noticias\/wp-json\/wp\/v2\/media?parent=25093"}],"wp:term":[{"taxonomy":"category","embeddable":true,"href":"https:\/\/www.esportesbrasilia.com.br\/noticias\/wp-json\/wp\/v2\/categories?post=25093"},{"taxonomy":"post_tag","embeddable":true,"href":"https:\/\/www.esportesbrasilia.com.br\/noticias\/wp-json\/wp\/v2\/tags?post=25093"}],"curies":[{"name":"wp","href":"https:\/\/api.w.org\/{rel}","templated":true}]}}