{"id":25059,"date":"2024-01-04T20:14:45","date_gmt":"2024-01-04T23:14:45","guid":{"rendered":"https:\/\/www.esportesbrasilia.com.br\/noticias\/?p=25059"},"modified":"2024-01-04T20:15:03","modified_gmt":"2024-01-04T23:15:03","slug":"cbf-divulga-tabela-da-copa-verde-2024-com-duelos-candangos-nas-primeiras-fases","status":"publish","type":"post","link":"https:\/\/www.esportesbrasilia.com.br\/noticias\/futebol\/cbf-divulga-tabela-da-copa-verde-2024-com-duelos-candangos-nas-primeiras-fases.html","title":{"rendered":"CBF divulga tabela da Copa Verde 2024, com duelos candangos nas primeiras fases"},"content":{"rendered":"\n<p>A Confedera\u00e7\u00e3o Brasileira de Futebol divulgou, nesta quinta-feira (04), a tabela oficial da Copa Verde 2024. O Distrito Federal tem dois representantes garantidos: Real Bras\u00edlia, atual campe\u00e3o candango, e Brasiliense, vice-campe\u00e3o em 2023.<\/p>\n\n\n\n<p>No entanto, nos \u00faltimos dias do ano passado, a Federa\u00e7\u00e3o de Futebol do Distrito Federal foi comunicada da desist\u00eancia da Aparecidense\/GO. Desta maneira, a vaga foi ofertada para os times da capital federal. Quem se beneficiou foi o Ceil\u00e2ndia, melhor ranqueado ap\u00f3s Real e Brasiliense.<\/p>\n\n\n\n<p>De acordo com a tabela oficial, Ceil\u00e2ndia e Real Bras\u00edlia j\u00e1 se enfrentar\u00e3o na primeira fase, em jogo \u00fanico, com mando do Gato Preto. A partida deve acontecer no dia 21 ou 28 de fevereiro.<\/p>\n\n\n\n<p>Quem vencer, encara na segunda fase, tamb\u00e9m em jogo \u00fanico, o Brasiliense. A partida ter\u00e1 mando do Jacar\u00e9, com previs\u00e3o para os dias 06 ou 13 de mar\u00e7o. Com essa distribui\u00e7\u00e3o, est\u00e1 totalmente descartada a possibilidade de que dois times candangos decidam o campeonato.<\/p>\n\n\n\n<p>As finais est\u00e3o previstas para os dias 24 de abril e 08 de maio.<\/p>\n","protected":false},"excerpt":{"rendered":"<p>A Confedera\u00e7\u00e3o Brasileira de Futebol divulgou, nesta quinta-feira (04), a tabela oficial da Copa Verde 2024. O Distrito Federal tem dois representantes garantidos: Real Bras\u00edlia, atual campe\u00e3o candango, e Brasiliense, vice-campe\u00e3o em 2023. No entanto, nos \u00faltimos dias do ano passado, a Federa\u00e7\u00e3o de Futebol do Distrito Federal foi comunicada da desist\u00eancia da Aparecidense\/GO. Desta [&hellip;]<\/p>\n","protected":false},"author":2,"featured_media":25060,"comment_status":"closed","ping_status":"closed","sticky":false,"template":"","format":"standard","meta":{"footnotes":""},"categories":[8],"tags":[],"class_list":["post-25059","post","type-post","status-publish","format-standard","has-post-thumbnail","hentry","category-futebol"],"_links":{"self":[{"href":"https:\/\/www.esportesbrasilia.com.br\/noticias\/wp-json\/wp\/v2\/posts\/25059","targetHints":{"allow":["GET"]}}],"collection":[{"href":"https:\/\/www.esportesbrasilia.com.br\/noticias\/wp-json\/wp\/v2\/posts"}],"about":[{"href":"https:\/\/www.esportesbrasilia.com.br\/noticias\/wp-json\/wp\/v2\/types\/post"}],"author":[{"embeddable":true,"href":"https:\/\/www.esportesbrasilia.com.br\/noticias\/wp-json\/wp\/v2\/users\/2"}],"replies":[{"embeddable":true,"href":"https:\/\/www.esportesbrasilia.com.br\/noticias\/wp-json\/wp\/v2\/comments?post=25059"}],"version-history":[{"count":2,"href":"https:\/\/www.esportesbrasilia.com.br\/noticias\/wp-json\/wp\/v2\/posts\/25059\/revisions"}],"predecessor-version":[{"id":25062,"href":"https:\/\/www.esportesbrasilia.com.br\/noticias\/wp-json\/wp\/v2\/posts\/25059\/revisions\/25062"}],"wp:featuredmedia":[{"embeddable":true,"href":"https:\/\/www.esportesbrasilia.com.br\/noticias\/wp-json\/wp\/v2\/media\/25060"}],"wp:attachment":[{"href":"https:\/\/www.esportesbrasilia.com.br\/noticias\/wp-json\/wp\/v2\/media?parent=25059"}],"wp:term":[{"taxonomy":"category","embeddable":true,"href":"https:\/\/www.esportesbrasilia.com.br\/noticias\/wp-json\/wp\/v2\/categories?post=25059"},{"taxonomy":"post_tag","embeddable":true,"href":"https:\/\/www.esportesbrasilia.com.br\/noticias\/wp-json\/wp\/v2\/tags?post=25059"}],"curies":[{"name":"wp","href":"https:\/\/api.w.org\/{rel}","templated":true}]}}