{"id":25041,"date":"2023-12-20T18:02:52","date_gmt":"2023-12-20T21:02:52","guid":{"rendered":"https:\/\/www.esportesbrasilia.com.br\/noticias\/?p=25041"},"modified":"2023-12-20T18:02:53","modified_gmt":"2023-12-20T21:02:53","slug":"jogador-acusado-de-racismo-contra-atleta-do-cerrado-basquete-e-suspenso-pelo-stjd","status":"publish","type":"post","link":"https:\/\/www.esportesbrasilia.com.br\/noticias\/basquete\/jogador-acusado-de-racismo-contra-atleta-do-cerrado-basquete-e-suspenso-pelo-stjd.html","title":{"rendered":"Jogador acusado de racismo contra atleta do Cerrado Basquete \u00e9 suspenso pelo STJD"},"content":{"rendered":"\n<p>O <a href=\"https:\/\/www.esportesbrasilia.com.br\/noticias\/basquete\/cerrado-basquete-vence-minas-fora-de-casa-em-partida-marcada-por-caso-de-racismo.html\" data-type=\"post\" data-id=\"25002\">caso de racismo envolvendo o jogador Matheus Santos<\/a>, do Cerrado Basquete, foi julgado nesta ter\u00e7a-feira (19), pelo Superior Tribunal de Justi\u00e7a Desportiva (STJD) da Liga Nacional de Basquete.<\/p>\n\n\n\n<p>No processo, tr\u00eas jogadores e o Minas T\u00eanis Clube estiveram na pauta. Ap\u00f3s todas as partes serem ouvidas, os auditores decidiram, por maioria, punir o jogador Nicolas Copello, do time mineiro, com a suspens\u00e3o de dez partidas, mais uma multa no valor de R$ 8 mil. Nicolas foi denunciado no artigo 243-G do C\u00f3digo Brasileiro de Justi\u00e7a Desportiva.<\/p>\n\n\n\n<p>J\u00e1 o Minas T\u00eanis Clube foi absolvido do artigo 213, mas condenado no artigo 191 do CBJD a uma multa de R$ 1 mil.<\/p>\n\n\n\n<p>No mesmo processo estavam o jogador \u00cdtalo Honorato, do Cerrado Basquete, e Gemerson Barbosa, do Minas T\u00eanis Clube. \u00cdtalo foi punido com um jogo de suspens\u00e3o, convertido em advert\u00eancia. J\u00e1 Gemerson foi absolvido.<\/p>\n\n\n\n<p>O Cerrado Basquete volta \u00e0s quadras nesta quinta-feira (21), \u00e0s 19h, para enfrentar o S\u00e3o Paulo, no Gin\u00e1sio da AsCEB.<\/p>\n","protected":false},"excerpt":{"rendered":"<p>O caso de racismo envolvendo o jogador Matheus Santos, do Cerrado Basquete, foi julgado nesta ter\u00e7a-feira (19), pelo Superior Tribunal de Justi\u00e7a Desportiva (STJD) da Liga Nacional de Basquete. No processo, tr\u00eas jogadores e o Minas T\u00eanis Clube estiveram na pauta. Ap\u00f3s todas as partes serem ouvidas, os auditores decidiram, por maioria, punir o jogador [&hellip;]<\/p>\n","protected":false},"author":2,"featured_media":24667,"comment_status":"closed","ping_status":"closed","sticky":false,"template":"","format":"standard","meta":{"footnotes":""},"categories":[12],"tags":[],"class_list":["post-25041","post","type-post","status-publish","format-standard","has-post-thumbnail","hentry","category-basquete"],"_links":{"self":[{"href":"https:\/\/www.esportesbrasilia.com.br\/noticias\/wp-json\/wp\/v2\/posts\/25041","targetHints":{"allow":["GET"]}}],"collection":[{"href":"https:\/\/www.esportesbrasilia.com.br\/noticias\/wp-json\/wp\/v2\/posts"}],"about":[{"href":"https:\/\/www.esportesbrasilia.com.br\/noticias\/wp-json\/wp\/v2\/types\/post"}],"author":[{"embeddable":true,"href":"https:\/\/www.esportesbrasilia.com.br\/noticias\/wp-json\/wp\/v2\/users\/2"}],"replies":[{"embeddable":true,"href":"https:\/\/www.esportesbrasilia.com.br\/noticias\/wp-json\/wp\/v2\/comments?post=25041"}],"version-history":[{"count":1,"href":"https:\/\/www.esportesbrasilia.com.br\/noticias\/wp-json\/wp\/v2\/posts\/25041\/revisions"}],"predecessor-version":[{"id":25042,"href":"https:\/\/www.esportesbrasilia.com.br\/noticias\/wp-json\/wp\/v2\/posts\/25041\/revisions\/25042"}],"wp:featuredmedia":[{"embeddable":true,"href":"https:\/\/www.esportesbrasilia.com.br\/noticias\/wp-json\/wp\/v2\/media\/24667"}],"wp:attachment":[{"href":"https:\/\/www.esportesbrasilia.com.br\/noticias\/wp-json\/wp\/v2\/media?parent=25041"}],"wp:term":[{"taxonomy":"category","embeddable":true,"href":"https:\/\/www.esportesbrasilia.com.br\/noticias\/wp-json\/wp\/v2\/categories?post=25041"},{"taxonomy":"post_tag","embeddable":true,"href":"https:\/\/www.esportesbrasilia.com.br\/noticias\/wp-json\/wp\/v2\/tags?post=25041"}],"curies":[{"name":"wp","href":"https:\/\/api.w.org\/{rel}","templated":true}]}}