{"id":25002,"date":"2023-12-07T09:36:03","date_gmt":"2023-12-07T12:36:03","guid":{"rendered":"https:\/\/www.esportesbrasilia.com.br\/noticias\/?p=25002"},"modified":"2023-12-07T09:37:18","modified_gmt":"2023-12-07T12:37:18","slug":"cerrado-basquete-vence-minas-fora-de-casa-em-partida-marcada-por-caso-de-racismo","status":"publish","type":"post","link":"https:\/\/www.esportesbrasilia.com.br\/noticias\/basquete\/cerrado-basquete-vence-minas-fora-de-casa-em-partida-marcada-por-caso-de-racismo.html","title":{"rendered":"Cerrado Basquete vence Minas fora de casa em partida marcada por caso de racismo"},"content":{"rendered":"\n<p><strong>Foto: Hedgard Moraes\/MTC<\/strong><\/p>\n\n\n\n<p>O Cerrado Basquete foi at\u00e9 a cidade de Belo Horizonte\/MG na noite desta quarta-feira (06) e conquistou uma importante vit\u00f3ria diante do l\u00edder Minas T\u00eanis Clube.<\/p>\n\n\n\n<p>O time mineiro dominou todo o primeiro per\u00edodo, mas depois sofreu uma virada espetacular dos candangos, que chegaram a abrir dez pontos de vantagem no segundo per\u00edodo. No fim, vit\u00f3ria do Cerrado Basquete por 68&#215;67 em plena Arena UniBH.<\/p>\n\n\n\n<p>O cestinha da partida foi Gui Santos, do Cerrado Basquete, com 22 pontos e seis rebotes. O maior pontuador do Minas foi Gemerson, com 19 pontos.<\/p>\n\n\n\n<p>Mas a festa dos candangos ficou manchada na capital mineira. O armador Buiu, do Cerrado, foi v\u00edtima de ofensas racistas desferidas pelo armador Nicolas Copello, do Minas. O jogo chegou a ficar paralisado e o caso foi parar na delegacia, j\u00e1 que Buiu registrou um boletim de ocorr\u00eancia.<\/p>\n\n\n\n<p><strong>As partes se posicionam<\/strong><\/p>\n\n\n\n<p>O Cerrado Basquete divulgou uma nota nas redes sociais repudiando o caso e considerando as inj\u00farias inaceit\u00e1veis. &#8220;O compromisso com a igualdade e respeito permeia nossa equipe. Juntos, lutaremos contra essa triste realidade&#8221;, diz o texto publicado.<\/p>\n\n\n\n<p>J\u00e1 o Minas T\u00eanis Clube, clube onde atua Nicolas, afirmou que est\u00e1 apurando os fatos e se colocou \u00e0 disposi\u00e7\u00e3o para contribuir com as insvestiga\u00e7\u00f5es, bem como garantiu que n\u00e3o tolera e repudia qualquer tipo de preconceito.<\/p>\n\n\n\n<p>A Liga Nacional de Basquete, organizadora do NBB, afirmou que executou, no momento da a\u00e7\u00e3o, um protocolo elaborado em 2023 e que ainda ser\u00e1 encaminhado aos clubes. O atleta foi ouvido pela coordenadora geral do Departamento T\u00e9cnico da competi\u00e7\u00e3o, Lilian Gon\u00e7alves, orientado a registrar o boletim de ocorr\u00eancia e encaminhar\u00e1 a den\u00fancia para an\u00e1lise do STJD do Basquete.<\/p>\n\n\n\n<p>O Cerrado Basquete volta \u00e0s quadras no pr\u00f3ximo s\u00e1bado (09), \u00c0s 18h, para enfrentar o Franca, em S\u00e3o Paulo.<\/p>\n","protected":false},"excerpt":{"rendered":"<p>Foto: Hedgard Moraes\/MTC O Cerrado Basquete foi at\u00e9 a cidade de Belo Horizonte\/MG na noite desta quarta-feira (06) e conquistou uma importante vit\u00f3ria diante do l\u00edder Minas T\u00eanis Clube. O time mineiro dominou todo o primeiro per\u00edodo, mas depois sofreu uma virada espetacular dos candangos, que chegaram a abrir dez pontos de vantagem no segundo [&hellip;]<\/p>\n","protected":false},"author":2,"featured_media":25004,"comment_status":"closed","ping_status":"closed","sticky":false,"template":"","format":"standard","meta":{"footnotes":""},"categories":[12],"tags":[],"class_list":["post-25002","post","type-post","status-publish","format-standard","has-post-thumbnail","hentry","category-basquete"],"_links":{"self":[{"href":"https:\/\/www.esportesbrasilia.com.br\/noticias\/wp-json\/wp\/v2\/posts\/25002","targetHints":{"allow":["GET"]}}],"collection":[{"href":"https:\/\/www.esportesbrasilia.com.br\/noticias\/wp-json\/wp\/v2\/posts"}],"about":[{"href":"https:\/\/www.esportesbrasilia.com.br\/noticias\/wp-json\/wp\/v2\/types\/post"}],"author":[{"embeddable":true,"href":"https:\/\/www.esportesbrasilia.com.br\/noticias\/wp-json\/wp\/v2\/users\/2"}],"replies":[{"embeddable":true,"href":"https:\/\/www.esportesbrasilia.com.br\/noticias\/wp-json\/wp\/v2\/comments?post=25002"}],"version-history":[{"count":2,"href":"https:\/\/www.esportesbrasilia.com.br\/noticias\/wp-json\/wp\/v2\/posts\/25002\/revisions"}],"predecessor-version":[{"id":25005,"href":"https:\/\/www.esportesbrasilia.com.br\/noticias\/wp-json\/wp\/v2\/posts\/25002\/revisions\/25005"}],"wp:featuredmedia":[{"embeddable":true,"href":"https:\/\/www.esportesbrasilia.com.br\/noticias\/wp-json\/wp\/v2\/media\/25004"}],"wp:attachment":[{"href":"https:\/\/www.esportesbrasilia.com.br\/noticias\/wp-json\/wp\/v2\/media?parent=25002"}],"wp:term":[{"taxonomy":"category","embeddable":true,"href":"https:\/\/www.esportesbrasilia.com.br\/noticias\/wp-json\/wp\/v2\/categories?post=25002"},{"taxonomy":"post_tag","embeddable":true,"href":"https:\/\/www.esportesbrasilia.com.br\/noticias\/wp-json\/wp\/v2\/tags?post=25002"}],"curies":[{"name":"wp","href":"https:\/\/api.w.org\/{rel}","templated":true}]}}