{"id":24970,"date":"2023-11-27T19:06:00","date_gmt":"2023-11-27T22:06:00","guid":{"rendered":"https:\/\/www.esportesbrasilia.com.br\/noticias\/?p=24970"},"modified":"2023-11-28T09:07:15","modified_gmt":"2023-11-28T12:07:15","slug":"serie-b-e-divisor-de-aguas-para-tecnicos","status":"publish","type":"post","link":"https:\/\/www.esportesbrasilia.com.br\/noticias\/colunas\/notatico\/serie-b-e-divisor-de-aguas-para-tecnicos.html","title":{"rendered":"S\u00e9rie B \u00e9 divisor de \u00e1guas para t\u00e9cnicos"},"content":{"rendered":"\n<p>Paulo Martins<\/p>\n\n\n\n<p>\u00c0s vezes, na vida, o que a gente precisa \u00e9 de uma boa oportunidade para mostrar uma melhor face. H\u00e1 quem subestime a S\u00e9rie B do Campeonato Brasileiro. Entretanto ela tanto vale para alguns nomes que atrav\u00e9s do tempo podem passar a ser hist\u00f3ria no futebol nacional.<\/p>\n\n\n\n<p>O ano de 2023 foi inteiramente dedicado \u00e0 consolida\u00e7\u00e3o das revela\u00e7\u00f5es \u00e0 beira dos gramados. Que dizer sobre o trabalho de L\u00e9o Cond\u00e9 no Vit\u00f3ria? Uma equipe de gest\u00e3o complicada e repleta de medalh\u00f5es encontrou o treinador ideal para encaixar o bom jogo e o primeiro t\u00edtulo nacional dos baianos na hist\u00f3ria.<\/p>\n\n\n\n<p>Poucas fun\u00e7\u00f5es s\u00e3o t\u00e3o ingratas como a de t\u00e9cnico de futebol. Em uma S\u00e9rie A exigente, o nome de Thiago Carpini promete ser uma das revela\u00e7\u00f5es, caso o mesmo siga no Juventude. Os vice-campeonatos na Segundona, al\u00e9m do Paulista, pelo \u00c1gua Santa, o credenciam como o profissional do ano.<\/p>\n\n\n\n<p>Para o acesso, \u00e9 necess\u00e1rio ter no mando da prancheta um treinador de confian\u00e7a. Isso sobra ao caso de Cl\u00e1udio Tencati no Crici\u00fama: ele conduziu a equipe a dois acessos nacionais em tr\u00eas anos. Al\u00e9m disso, assumiu a equipe em um momento delicado, na S\u00e9rie B do Campeonato Catarinense, da qual foi campe\u00e3o, a exemplo da elite neste ano. N\u00e3o havia outro ser que poderia devolver este time \u00e0 S\u00e9rie A ap\u00f3s uma d\u00e9cada.<\/p>\n\n\n\n<p>Confian\u00e7a mexe com a mente de quem tem potencial para mais. Jair Ventura tem chance de ser uma das refer\u00eancias na \u00e1rea em alguns anos. \u00c9 claro que n\u00e3o foi unanimidade nas chances em Botafogo e Corinthians, mas precisava mesmo de mais rodagem. Se o Atl\u00e9tico-GO seguir em suas m\u00e3os, estar\u00e1 bem entregue para uma categoria que, para os tempos atuais, pertence ao Drag\u00e3o.<\/p>\n","protected":false},"excerpt":{"rendered":"<p>Paulo Martins \u00c0s vezes, na vida, o que a gente precisa \u00e9 de uma boa oportunidade para mostrar uma melhor face. H\u00e1 quem subestime a S\u00e9rie B do Campeonato Brasileiro. Entretanto ela tanto vale para alguns nomes que atrav\u00e9s do tempo podem passar a ser hist\u00f3ria no futebol nacional. O ano de 2023 foi inteiramente [&hellip;]<\/p>\n","protected":false},"author":1,"featured_media":23087,"comment_status":"closed","ping_status":"closed","sticky":false,"template":"","format":"standard","meta":{"footnotes":""},"categories":[1029],"tags":[],"class_list":["post-24970","post","type-post","status-publish","format-standard","has-post-thumbnail","hentry","category-notatico"],"_links":{"self":[{"href":"https:\/\/www.esportesbrasilia.com.br\/noticias\/wp-json\/wp\/v2\/posts\/24970","targetHints":{"allow":["GET"]}}],"collection":[{"href":"https:\/\/www.esportesbrasilia.com.br\/noticias\/wp-json\/wp\/v2\/posts"}],"about":[{"href":"https:\/\/www.esportesbrasilia.com.br\/noticias\/wp-json\/wp\/v2\/types\/post"}],"author":[{"embeddable":true,"href":"https:\/\/www.esportesbrasilia.com.br\/noticias\/wp-json\/wp\/v2\/users\/1"}],"replies":[{"embeddable":true,"href":"https:\/\/www.esportesbrasilia.com.br\/noticias\/wp-json\/wp\/v2\/comments?post=24970"}],"version-history":[{"count":1,"href":"https:\/\/www.esportesbrasilia.com.br\/noticias\/wp-json\/wp\/v2\/posts\/24970\/revisions"}],"predecessor-version":[{"id":24971,"href":"https:\/\/www.esportesbrasilia.com.br\/noticias\/wp-json\/wp\/v2\/posts\/24970\/revisions\/24971"}],"wp:featuredmedia":[{"embeddable":true,"href":"https:\/\/www.esportesbrasilia.com.br\/noticias\/wp-json\/wp\/v2\/media\/23087"}],"wp:attachment":[{"href":"https:\/\/www.esportesbrasilia.com.br\/noticias\/wp-json\/wp\/v2\/media?parent=24970"}],"wp:term":[{"taxonomy":"category","embeddable":true,"href":"https:\/\/www.esportesbrasilia.com.br\/noticias\/wp-json\/wp\/v2\/categories?post=24970"},{"taxonomy":"post_tag","embeddable":true,"href":"https:\/\/www.esportesbrasilia.com.br\/noticias\/wp-json\/wp\/v2\/tags?post=24970"}],"curies":[{"name":"wp","href":"https:\/\/api.w.org\/{rel}","templated":true}]}}