{"id":24963,"date":"2023-11-21T17:26:00","date_gmt":"2023-11-21T20:26:00","guid":{"rendered":"https:\/\/www.esportesbrasilia.com.br\/noticias\/?p=24963"},"modified":"2023-11-21T17:26:00","modified_gmt":"2023-11-21T20:26:00","slug":"alunos-dos-cops-disputam-jogos-parapan-americanos-de-santiago-2023","status":"publish","type":"post","link":"https:\/\/www.esportesbrasilia.com.br\/noticias\/esporteparalimpico\/alunos-dos-cops-disputam-jogos-parapan-americanos-de-santiago-2023.html","title":{"rendered":"Alunos dos COPs disputam Jogos Parapan-Americanos de Santiago 2023"},"content":{"rendered":"\n<p><em>Sete atletas que treinam nos centros esportivos do GDF foram convocados para a sele\u00e7\u00e3o de parabadminton. Jogos v\u00e3o ocorrer at\u00e9 o dia 26 de novembro<\/em><\/p>\n\n\n\n<p>Sete atletas dos Centros Ol\u00edmpicos e Paral\u00edmpicos do Distrito Federal (COPs) foram convocados para representar a delega\u00e7\u00e3o brasileira na modalidade de parabadminton nos Jogos Parapan-Americanos de Santiago 2023, no Chile. A competi\u00e7\u00e3o ter\u00e1 in\u00edcio nesta sexta-feira (17) e vai at\u00e9 o dia 26 de novembro.<\/p>\n\n\n\n<p>O Comit\u00ea Paral\u00edmpico Brasileiro (CPB) convocou 324 atletas de 17 modalidades para representar o pa\u00eds em Santiago 2023. Foram chamados tamb\u00e9m dez atletas-guia do atletismo, tr\u00eas calheiros da bocha e dois goleiros do futebol de cegos. O Brasil estar\u00e1 presente no atletismo, badminton, basquete em cadeira de rodas, bocha, ciclismo, futebol PC (Paralisados Cerebrais), futebol de cegos, goalball, jud\u00f4, halterofilismo, nata\u00e7\u00e3o, r\u00fagbi em cadeira de rodas, taekwondo, t\u00eanis em cadeira de rodas, t\u00eanis de mesa, tiro com arco e tiro esportivo.<\/p>\n\n\n\n<p>O secret\u00e1rio substituto de Esporte e Lazer do DF, Renato Junqueira, comenta sobre a convoca\u00e7\u00e3o dos atletas de Bras\u00edlia para os Jogos Parapan-Americanos de Santiago 2023. \u201c\u00c9 uma oportunidade para consolidarmos a excel\u00eancia do esporte paral\u00edmpico brasileiro. A convoca\u00e7\u00e3o desses atletas refor\u00e7a a import\u00e2ncia do apoio cont\u00ednuo ao desenvolvimento esportivo em todas as suas formas. Estamos convictos de testemunhar o desempenho de nossos representantes nos Jogos Parapan-Americanos\u201d, destaca.<\/p>\n\n\n\n<p>Na \u00faltima edi\u00e7\u00e3o do Parapan, em Lima, no Peru, em 2019, o pa\u00eds entrou para hist\u00f3ria com recorde de conquistas. A delega\u00e7\u00e3o brasileira chegou a in\u00e9dita marca de 308 medalhas, entre as quais 124 de ouro, 99 de prata e 85 de bronze. Nunca nenhum pa\u00eds alcan\u00e7ou tantas vit\u00f3rias em uma \u00fanica edi\u00e7\u00e3o de Parapan.<\/p>\n\n\n\n<p><strong>Medalhas brasileiras<\/strong><\/p>\n\n\n\n<p>At\u00e9 o momento, o Brasil j\u00e1 conquistou 1.334 medalhas na hist\u00f3ria dos Jogos Parapan-Americanos (Cidade do M\u00e9xico 1999, Mar Del Plata 2003, Rio 2007, Guadalajara 2011, Toronto 2015 e Lima 2019), per\u00edodo em que a competi\u00e7\u00e3o ganhou a chancela do Comit\u00ea Paral\u00edmpico Internacional (IPC). Na capital chilena, o pa\u00eds pode chegar \u00e0 marca das 1.500 medalhas. A melhor campanha brasileira foi em Lima, com 308 medalhas, sendo 124 de ouro, 99 de prata e 85 de bronze. O segundo melhor desempenho aconteceu em Toronto 2015, quando o pa\u00eds somou 257 p\u00f3dios no total \u2013 109 ouros, 74 pratas e 74 bronzes.<\/p>\n\n\n\n<p>Nas quatro \u00faltimas edi\u00e7\u00f5es, Lima 2019, Toronto 2015, Guadalajara 2011 e Rio 2007, o Brasil terminou o Parapan na primeira posi\u00e7\u00e3o do quadro de medalhas.<\/p>\n\n\n\n<p><strong>Do Brasil a Santiago<\/strong><\/p>\n\n\n\n<p>Aline de Oliveira Cabral, residente em Ceil\u00e2ndia, foi convocada para representar o Brasil no Parapan de Santiago 2023 na modalidade parabadminton. Aos 38 anos, a atleta possui uma s\u00f3lida trajet\u00f3ria no esporte adaptado.<\/p>\n\n\n\n<p>Aline conquistou reconhecimento internacional ao alcan\u00e7ar o 3\u00b0 lugar na categoria simples feminina WH2 no Sul Americano de Parabadminton do Peru 2022, assim como na categoria simples feminina WH2 no Internacional do Peru em Lima e no Pan-Americano da Col\u00f4mbia.<\/p>\n\n\n\n<p>Iniciando sua carreira no t\u00eanis, a atleta realizou a transi\u00e7\u00e3o para o parabadminton em 2018. Desde ent\u00e3o, demonstrando dedica\u00e7\u00e3o e paix\u00e3o, superou desafios e conquistou a not\u00e1vel posi\u00e7\u00e3o de segunda colocada no Brasil e 17\u00aa no ranking mundial.<\/p>\n\n\n\n<p>\u201cSer convocada para os Jogos Parapan-Americanos de Santiago 2023 representa a realiza\u00e7\u00e3o de um sonho. A coragem de come\u00e7ar do zero em uma nova modalidade fez toda a diferen\u00e7a\u201d, destaca Aline.<\/p>\n\n\n\n<p>\u201cO sonho de qualquer atleta de alto rendimento \u00e9 representar o seu pa\u00eds, e espero poder contribuir com o quadro de medalhas\u201d, acrescenta a atleta, que j\u00e1 conquistou medalhas de ouro e prata em competi\u00e7\u00f5es nacionais.<\/p>\n\n\n\n<p>Atualmente, Aline \u00e9 atleta do Iate Clube e seu dia a dia inclui treinos t\u00e9cnicos e f\u00edsicos no Centro Ol\u00edmpico de Brazl\u00e2ndia e o Cid Paral\u00edmpico.<\/p>\n\n\n\n<p>Prosseguindo em sua carreira, Aline recentemente conquistou o vice-campeonato no Campeonato Brasileiro 2023 em S\u00e3o Paulo, solidificando sua posi\u00e7\u00e3o de destaque no cen\u00e1rio esportivo adaptado. Sua meta \u00e9 ascender ao topo do ranking nacional e figurar entre as dez melhores do mundo.<\/p>\n\n\n\n<p><strong>Os atletas convocados para o Parapan do Chile dos COPs s\u00e3o:<\/strong><\/p>\n\n\n\n<p>\u2192 COP Recanto das Emas: Juscileia de Carvalho Silva<\/p>\n\n\n\n<p>\u2192 COP Samambaia: Daniele Souza<\/p>\n\n\n\n<p>\u2192 COP Brazl\u00e2ndia: Marcelo Alves Concei\u00e7\u00e3o e Aline de Oliveira Cabral<\/p>\n\n\n\n<p>\u2192 COP Estrutural: Bruno de Paula Gon\u00e7alves (treinador), J\u00falio Cesar Godoy (atleta) e Natalia Borges Xavier (atleta)<\/p>\n\n\n\n<p>Todos os sete atletas competir\u00e3o na modalidade de parabadminton.<\/p>\n","protected":false},"excerpt":{"rendered":"<p>Sete atletas que treinam nos centros esportivos do GDF foram convocados para a sele\u00e7\u00e3o de parabadminton. Jogos v\u00e3o ocorrer at\u00e9 o dia 26 de novembro Sete atletas dos Centros Ol\u00edmpicos e Paral\u00edmpicos do Distrito Federal (COPs) foram convocados para representar a delega\u00e7\u00e3o brasileira na modalidade de parabadminton nos Jogos Parapan-Americanos de Santiago 2023, no Chile. [&hellip;]<\/p>\n","protected":false},"author":52,"featured_media":24964,"comment_status":"closed","ping_status":"closed","sticky":false,"template":"","format":"standard","meta":{"footnotes":""},"categories":[30],"tags":[],"class_list":["post-24963","post","type-post","status-publish","format-standard","has-post-thumbnail","hentry","category-esporteparalimpico"],"_links":{"self":[{"href":"https:\/\/www.esportesbrasilia.com.br\/noticias\/wp-json\/wp\/v2\/posts\/24963","targetHints":{"allow":["GET"]}}],"collection":[{"href":"https:\/\/www.esportesbrasilia.com.br\/noticias\/wp-json\/wp\/v2\/posts"}],"about":[{"href":"https:\/\/www.esportesbrasilia.com.br\/noticias\/wp-json\/wp\/v2\/types\/post"}],"author":[{"embeddable":true,"href":"https:\/\/www.esportesbrasilia.com.br\/noticias\/wp-json\/wp\/v2\/users\/52"}],"replies":[{"embeddable":true,"href":"https:\/\/www.esportesbrasilia.com.br\/noticias\/wp-json\/wp\/v2\/comments?post=24963"}],"version-history":[{"count":1,"href":"https:\/\/www.esportesbrasilia.com.br\/noticias\/wp-json\/wp\/v2\/posts\/24963\/revisions"}],"predecessor-version":[{"id":24965,"href":"https:\/\/www.esportesbrasilia.com.br\/noticias\/wp-json\/wp\/v2\/posts\/24963\/revisions\/24965"}],"wp:featuredmedia":[{"embeddable":true,"href":"https:\/\/www.esportesbrasilia.com.br\/noticias\/wp-json\/wp\/v2\/media\/24964"}],"wp:attachment":[{"href":"https:\/\/www.esportesbrasilia.com.br\/noticias\/wp-json\/wp\/v2\/media?parent=24963"}],"wp:term":[{"taxonomy":"category","embeddable":true,"href":"https:\/\/www.esportesbrasilia.com.br\/noticias\/wp-json\/wp\/v2\/categories?post=24963"},{"taxonomy":"post_tag","embeddable":true,"href":"https:\/\/www.esportesbrasilia.com.br\/noticias\/wp-json\/wp\/v2\/tags?post=24963"}],"curies":[{"name":"wp","href":"https:\/\/api.w.org\/{rel}","templated":true}]}}